{"id":127441,"date":"2026-03-06T18:56:54","date_gmt":"2026-03-06T21:56:54","guid":{"rendered":"https:\/\/blogdoedvaldomagalhaes.com.br\/?p=127441"},"modified":"2026-03-06T18:56:54","modified_gmt":"2026-03-06T21:56:54","slug":"bezerros-de-luto-com-a-morte-do-artista-zeze-dos-oito-baixos","status":"publish","type":"post","link":"https:\/\/blogdoedvaldomagalhaes.com.br\/index.php\/2026\/03\/06\/bezerros-de-luto-com-a-morte-do-artista-zeze-dos-oito-baixos\/","title":{"rendered":"Bezerros de luto com a morte do artista Zez\u00e9 dos Oito Baixos"},"content":{"rendered":"<p>A Prefeitura de Bezerros decretou, nesta sexta-feira (06 de mar\u00e7o de 2026), luto oficial de um dia pelo falecimento do artista Jos\u00e9 Severino da Silva, de 82 anos de idade, que ficou consagrado como &#8220;Zez\u00e9 dos Oito Baixos&#8221;, que faleceu na quinta-feira (05.03). O bezerrense formou dupla com sua esposa, Maria Jos\u00e9 da Silva (Zezita), e ao longo de 60 anos marcou hist\u00f3ria na cultura bezerrense, principalmente no Forr\u00f3 do Papangu e S\u00e3o Jo\u00e3o na Serra Negra. Zez\u00e9 deixou um legado de amor, respeito e valoriza\u00e7\u00e3o da arte, cultura e tradi\u00e7\u00e3o nordestina. <\/p>\n<p>O Decreto N\u00ba 2.777, de 06 de mar\u00e7o de 2026, reconhece sua contribui\u00e7\u00e3o, ao longo de seis d\u00e9cadas, \u00e0 arte, cultura e tradi\u00e7\u00e3o do forr\u00f3 e ra\u00edzes nordestinas. O decreto foi assinado pela prefeita do munic\u00edpio, Lucielle Laurentino. Em respeito aos familiares e amigos e a mem\u00f3ria do artista bezerrense, as bandeiras da sede da Prefeitura de Bezerros est\u00e3o hasteadas a meio mastro.<\/p>\n<p>NOTA OFICIAL DE LUTO &#8211; PREFEITURA DE BEZERROS<\/p>\n<p>A Prefeitura de Bezerros lamenta pelo falecimento do artista Jos\u00e9 Severino da Silva, de 82 anos de idade, que ficou consagrado como &#8220;Zez\u00e9 dos Oito Baixos&#8221;. O bezerrense, que nasceu em 10 de janeiro de 1944, desde cedo se apaixonou pelo som da sanfona e, mesmo sem estudos, com esfor\u00e7o e dedica\u00e7\u00e3o, conseguiu comprar seu primeiro instrumento: uma sanfona de oito baixos. Formou dupla com sua esposa Maria Jos\u00e9 da Silva (Zezita) e ao longo de 60 anos marcou hist\u00f3ria na cultura bezerrense, principalmente no Forr\u00f3 do Papangu e S\u00e3o Jo\u00e3o na Serra Negra. Zez\u00e9 deixa um legado de amor, respeito e valoriza\u00e7\u00e3o da arte, cultura e tradi\u00e7\u00e3o nordestina. Aos familiares e amigos, nossos mais sinceros votos de pesar e solidariedade. (05.03.2026).<\/p>\n<p>NOTA OFICIAL DE LUTO &#8211; PREFEITA LUCIELLE LAURENTINO<\/p>\n<p>Com pesar, recebo a not\u00edcia sobre o falecimento do nosso \u00edcone da cultura bezerrense, Zez\u00e9 dos Oito Baixos, que fez dupla inesquec\u00edvel com Zezita, sua esposa e parceira de palco. Ambos se destacaram pelo forr\u00f3 aut\u00eantico e raiz, principalmente no Forr\u00f3 do Papangu e no tradicional S\u00e3o Jo\u00e3o na Serra Negra. Neste momento de dor, expresso minha solidariedade e sentimento de pesar aos familiares, amigos e demais artistas bezerrenses. Que Deus conforte o cora\u00e7\u00e3o de todos e conceda paz \u00e0 alma do nosso saudoso Zez\u00e9, um homem que deixa um legado de valores e afeto pela cultura de Bezerros, de Pernambuco e do Nordeste.  <\/p>\n<p>TEXTO: Gabriel Galv\u00e3o \/ Izaias N\u00e9u &#8211; GECOM\/PMB.<br \/>\nFOTOS: Joelma Silva &#8211; GECOM\/PMB.<br \/>\nARTE: Vin\u00edcius Miranda &#8211; GECOM\/PMB.<br \/>\nSiga o Instagram @portaledvaldomagalhaes<br \/>\nFoto: Divulga\u00e7\u00e3o <\/p>\n","protected":false},"excerpt":{"rendered":"<p>A Prefeitura de Bezerros decretou, nesta sexta-feira (06 de mar\u00e7o de 2026), luto oficial de um dia pelo falecimento do&hellip;<\/p>\n","protected":false},"author":1,"featured_media":127442,"comment_status":"closed","ping_status":"open","sticky":false,"template":"","format":"standard","meta":{"footnotes":""},"categories":[14120],"tags":[36044,13146,34634],"class_list":["post-127441","post","type-post","status-publish","format-standard","has-post-thumbnail","hentry","category-noticias","tag-bezerros-de-luto-com-a-morte-do-artista-zeze-dos-oito-baixos","tag-blog-edvaldo-magalhaes","tag-portal-edvaldo-magalhaes"],"_links":{"self":[{"href":"https:\/\/blogdoedvaldomagalhaes.com.br\/index.php\/wp-json\/wp\/v2\/posts\/127441","targetHints":{"allow":["GET"]}}],"collection":[{"href":"https:\/\/blogdoedvaldomagalhaes.com.br\/index.php\/wp-json\/wp\/v2\/posts"}],"about":[{"href":"https:\/\/blogdoedvaldomagalhaes.com.br\/index.php\/wp-json\/wp\/v2\/types\/post"}],"author":[{"embeddable":true,"href":"https:\/\/blogdoedvaldomagalhaes.com.br\/index.php\/wp-json\/wp\/v2\/users\/1"}],"replies":[{"embeddable":true,"href":"https:\/\/blogdoedvaldomagalhaes.com.br\/index.php\/wp-json\/wp\/v2\/comments?post=127441"}],"version-history":[{"count":1,"href":"https:\/\/blogdoedvaldomagalhaes.com.br\/index.php\/wp-json\/wp\/v2\/posts\/127441\/revisions"}],"predecessor-version":[{"id":127443,"href":"https:\/\/blogdoedvaldomagalhaes.com.br\/index.php\/wp-json\/wp\/v2\/posts\/127441\/revisions\/127443"}],"wp:featuredmedia":[{"embeddable":true,"href":"https:\/\/blogdoedvaldomagalhaes.com.br\/index.php\/wp-json\/wp\/v2\/media\/127442"}],"wp:attachment":[{"href":"https:\/\/blogdoedvaldomagalhaes.com.br\/index.php\/wp-json\/wp\/v2\/media?parent=127441"}],"wp:term":[{"taxonomy":"category","embeddable":true,"href":"https:\/\/blogdoedvaldomagalhaes.com.br\/index.php\/wp-json\/wp\/v2\/categories?post=127441"},{"taxonomy":"post_tag","embeddable":true,"href":"https:\/\/blogdoedvaldomagalhaes.com.br\/index.php\/wp-json\/wp\/v2\/tags?post=127441"}],"curies":[{"name":"wp","href":"https:\/\/api.w.org\/{rel}","templated":true}]}}