{"id":127437,"date":"2026-03-05T22:32:18","date_gmt":"2026-03-06T01:32:18","guid":{"rendered":"https:\/\/blogdoedvaldomagalhaes.com.br\/?p=127437"},"modified":"2026-03-05T22:32:18","modified_gmt":"2026-03-06T01:32:18","slug":"centro-de-testagem-e-aconselhamento-passa-a-funcionar-em-novo-endereco","status":"publish","type":"post","link":"https:\/\/blogdoedvaldomagalhaes.com.br\/index.php\/2026\/03\/05\/centro-de-testagem-e-aconselhamento-passa-a-funcionar-em-novo-endereco\/","title":{"rendered":"Centro de Testagem e Aconselhamento passa a funcionar em novo endere\u00e7o"},"content":{"rendered":"<p>A Secretaria Municipal de Sa\u00fade (SMS), informa que o Centro de Testagem e Aconselhamento (CTA\/COAS) passa a funcionar em novo endere\u00e7o. A partir desta segunda-feira, dia 9 de mar\u00e7o, os atendimentos ser\u00e3o realizados na Avenida Dom Bosco, n\u00ba 143, no bairro Maur\u00edcio de Nassau.<\/p>\n<p>Com a mudan\u00e7a, a unidade passa a contar com uma estrutura mais ampla e moderna, oferecendo mais conforto, acolhimento e qualidade no atendimento \u00e0 popula\u00e7\u00e3o e melhores condi\u00e7\u00f5es de trabalho para os profissionais.<\/p>\n<p>Na nova sede do CTA\/COAS, a popula\u00e7\u00e3o ter\u00e1 acesso a servi\u00e7os como testagem r\u00e1pida, aconselhamento multiprofissional, consultas de enfermagem e atendimento em infectologia.<br \/>\nSiga o Instagram @portaledvaldomagalhaes<br \/>\nFoto: \u00c9lvis \u00c9dson<\/p>\n","protected":false},"excerpt":{"rendered":"<p>A Secretaria Municipal de Sa\u00fade (SMS), informa que o Centro de Testagem e Aconselhamento (CTA\/COAS) passa a funcionar em novo&hellip;<\/p>\n","protected":false},"author":1,"featured_media":127438,"comment_status":"closed","ping_status":"open","sticky":false,"template":"","format":"standard","meta":{"footnotes":""},"categories":[14120],"tags":[13146,36043,34634],"class_list":["post-127437","post","type-post","status-publish","format-standard","has-post-thumbnail","hentry","category-noticias","tag-blog-edvaldo-magalhaes","tag-centro-de-testagem-e-aconselhamento-passa-a-funcionar-em-novo-endereco","tag-portal-edvaldo-magalhaes"],"_links":{"self":[{"href":"https:\/\/blogdoedvaldomagalhaes.com.br\/index.php\/wp-json\/wp\/v2\/posts\/127437","targetHints":{"allow":["GET"]}}],"collection":[{"href":"https:\/\/blogdoedvaldomagalhaes.com.br\/index.php\/wp-json\/wp\/v2\/posts"}],"about":[{"href":"https:\/\/blogdoedvaldomagalhaes.com.br\/index.php\/wp-json\/wp\/v2\/types\/post"}],"author":[{"embeddable":true,"href":"https:\/\/blogdoedvaldomagalhaes.com.br\/index.php\/wp-json\/wp\/v2\/users\/1"}],"replies":[{"embeddable":true,"href":"https:\/\/blogdoedvaldomagalhaes.com.br\/index.php\/wp-json\/wp\/v2\/comments?post=127437"}],"version-history":[{"count":1,"href":"https:\/\/blogdoedvaldomagalhaes.com.br\/index.php\/wp-json\/wp\/v2\/posts\/127437\/revisions"}],"predecessor-version":[{"id":127439,"href":"https:\/\/blogdoedvaldomagalhaes.com.br\/index.php\/wp-json\/wp\/v2\/posts\/127437\/revisions\/127439"}],"wp:featuredmedia":[{"embeddable":true,"href":"https:\/\/blogdoedvaldomagalhaes.com.br\/index.php\/wp-json\/wp\/v2\/media\/127438"}],"wp:attachment":[{"href":"https:\/\/blogdoedvaldomagalhaes.com.br\/index.php\/wp-json\/wp\/v2\/media?parent=127437"}],"wp:term":[{"taxonomy":"category","embeddable":true,"href":"https:\/\/blogdoedvaldomagalhaes.com.br\/index.php\/wp-json\/wp\/v2\/categories?post=127437"},{"taxonomy":"post_tag","embeddable":true,"href":"https:\/\/blogdoedvaldomagalhaes.com.br\/index.php\/wp-json\/wp\/v2\/tags?post=127437"}],"curies":[{"name":"wp","href":"https:\/\/api.w.org\/{rel}","templated":true}]}}