{"id":127434,"date":"2026-03-05T22:13:03","date_gmt":"2026-03-06T01:13:03","guid":{"rendered":"https:\/\/blogdoedvaldomagalhaes.com.br\/?p=127434"},"modified":"2026-03-05T22:13:03","modified_gmt":"2026-03-06T01:13:03","slug":"guarda-municipal-de-caruaru-detem-suspeito-por-trafico-de-drogas-nas-imediacoes-do-mercado-da-carne","status":"publish","type":"post","link":"https:\/\/blogdoedvaldomagalhaes.com.br\/index.php\/2026\/03\/05\/guarda-municipal-de-caruaru-detem-suspeito-por-trafico-de-drogas-nas-imediacoes-do-mercado-da-carne\/","title":{"rendered":"Guarda Municipal de Caruaru det\u00e9m suspeito por tr\u00e1fico de drogas nas imedia\u00e7\u00f5es do Mercado da Carne"},"content":{"rendered":"<p>A Guarda Municipal de Caruaru deteve um suspeito por tr\u00e1fico de drogas na tarde desta quinta-feira (5), nas proximidades do Mercado da Carne, no Parque 18 de Maio. <\/p>\n<p>Por volta das 15h30, a equipe do posto operacional da Feira de Ervas recebeu den\u00fancias de populares sobre a pr\u00e1tica de tr\u00e1fico de entorpecentes no local. Ao chegar \u00e0 \u00e1rea indicada, os agentes identificaram um grupo de cinco indiv\u00edduos em atitude suspeita.<\/p>\n<p>Durante a aproxima\u00e7\u00e3o da equipe, os suspeitos tentaram fugir, mas um deles foi alcan\u00e7ado e abordado pelos guardas municipais. Na revista pessoal, foram encontrados aproximadamente seis gramas de uma subst\u00e2ncia semelhante a crack, al\u00e9m de R$ 366 em dinheiro trocado.<\/p>\n<p>Diante da situa\u00e7\u00e3o, o suspeito foi detido. Em seguida, ele foi conduzido \u00e0 delegacia para ado\u00e7\u00e3o das medidas cab\u00edveis.<br \/>\nSiga o Instagram @portaledvaldomagalhaes<br \/>\nFoto: Divulga\u00e7\u00e3o\/GMC<\/p>\n","protected":false},"excerpt":{"rendered":"<p>A Guarda Municipal de Caruaru deteve um suspeito por tr\u00e1fico de drogas na tarde desta quinta-feira (5), nas proximidades do&hellip;<\/p>\n","protected":false},"author":1,"featured_media":127435,"comment_status":"closed","ping_status":"open","sticky":false,"template":"","format":"standard","meta":{"footnotes":""},"categories":[14120],"tags":[13146,36042,34634],"class_list":["post-127434","post","type-post","status-publish","format-standard","has-post-thumbnail","hentry","category-noticias","tag-blog-edvaldo-magalhaes","tag-guarda-municipal-de-caruaru-detem-suspeito-por-trafico-de-drogas-nas-imediacoes-do-mercado-da-carne","tag-portal-edvaldo-magalhaes"],"_links":{"self":[{"href":"https:\/\/blogdoedvaldomagalhaes.com.br\/index.php\/wp-json\/wp\/v2\/posts\/127434","targetHints":{"allow":["GET"]}}],"collection":[{"href":"https:\/\/blogdoedvaldomagalhaes.com.br\/index.php\/wp-json\/wp\/v2\/posts"}],"about":[{"href":"https:\/\/blogdoedvaldomagalhaes.com.br\/index.php\/wp-json\/wp\/v2\/types\/post"}],"author":[{"embeddable":true,"href":"https:\/\/blogdoedvaldomagalhaes.com.br\/index.php\/wp-json\/wp\/v2\/users\/1"}],"replies":[{"embeddable":true,"href":"https:\/\/blogdoedvaldomagalhaes.com.br\/index.php\/wp-json\/wp\/v2\/comments?post=127434"}],"version-history":[{"count":1,"href":"https:\/\/blogdoedvaldomagalhaes.com.br\/index.php\/wp-json\/wp\/v2\/posts\/127434\/revisions"}],"predecessor-version":[{"id":127436,"href":"https:\/\/blogdoedvaldomagalhaes.com.br\/index.php\/wp-json\/wp\/v2\/posts\/127434\/revisions\/127436"}],"wp:featuredmedia":[{"embeddable":true,"href":"https:\/\/blogdoedvaldomagalhaes.com.br\/index.php\/wp-json\/wp\/v2\/media\/127435"}],"wp:attachment":[{"href":"https:\/\/blogdoedvaldomagalhaes.com.br\/index.php\/wp-json\/wp\/v2\/media?parent=127434"}],"wp:term":[{"taxonomy":"category","embeddable":true,"href":"https:\/\/blogdoedvaldomagalhaes.com.br\/index.php\/wp-json\/wp\/v2\/categories?post=127434"},{"taxonomy":"post_tag","embeddable":true,"href":"https:\/\/blogdoedvaldomagalhaes.com.br\/index.php\/wp-json\/wp\/v2\/tags?post=127434"}],"curies":[{"name":"wp","href":"https:\/\/api.w.org\/{rel}","templated":true}]}}