{"id":127421,"date":"2026-03-05T21:22:02","date_gmt":"2026-03-06T00:22:02","guid":{"rendered":"https:\/\/blogdoedvaldomagalhaes.com.br\/?p=127421"},"modified":"2026-03-05T21:43:50","modified_gmt":"2026-03-06T00:43:50","slug":"governadora-raquel-lyra-lanca-varias-vozes-um-so-hino-com-releituras-do-hino-de-pernambuco-em-multiplos-ritmos","status":"publish","type":"post","link":"https:\/\/blogdoedvaldomagalhaes.com.br\/index.php\/2026\/03\/05\/governadora-raquel-lyra-lanca-varias-vozes-um-so-hino-com-releituras-do-hino-de-pernambuco-em-multiplos-ritmos\/","title":{"rendered":"Governadora Raquel Lyra lan\u00e7a \u201cV\u00e1rias Vozes, um s\u00f3 Hino\u201d com releituras do Hino de Pernambuco em m\u00faltiplos ritmos"},"content":{"rendered":"<p>Valorizando um dos maiores s\u00edmbolos do Estado, a governadora Raquel Lyra lan\u00e7ou, nesta quinta-feira (5), o projeto \u201cV\u00e1rias Vozes, um s\u00f3 Hino\u201d. A iniciativa prop\u00f5e uma releitura contempor\u00e2nea do Hino de Pernambuco em diferentes ritmos, preservando integralmente a letra e o car\u00e1ter oficial da composi\u00e7\u00e3o. Lan\u00e7ado na v\u00e9spera da celebra\u00e7\u00e3o da Data Magna, o projeto refor\u00e7a sua conex\u00e3o com o calend\u00e1rio c\u00edvico do Estado.<\/p>\n<p>\u201cNosso Hino fala muito sobre quem somos, nosso sentimento de pernambucanidade, territorialidade e a for\u00e7a da nossa cultura. Com o lan\u00e7amento do \u201cV\u00e1rias Vozes, um s\u00f3 Hino\u201d, vamos trabalhar a autoestima do povo pernambucano e garantir que a nossa gente fale sobre a nossa cultura e hist\u00f3ria, nos novos ritmos e nos antigos. Isso \u00e9 extraordin\u00e1rio. Tudo isso, \u00e0s v\u00e9speras da Data Magna que celebra a Revolu\u00e7\u00e3o Pernambucana de 1817\u201d, destacou a governadora Raquel Lyra.<\/p>\n<p>A a\u00e7\u00e3o reedita a campanha realizada durante a gest\u00e3o do governador Jarbas Vasconcelos, em 2002. O projeto busca valorizar o Hino do Estado, ampliando o alcance de um dos principais s\u00edmbolos c\u00edvicos de Pernambuco atrav\u00e9s de uma linguagem conectada \u00e0 diversidade cultural estadual.<\/p>\n<p>A vice-governadora Priscila Krause comandou a apresenta\u00e7\u00e3o do projeto e destacou a import\u00e2ncia da iniciativa\u201d. \u201cO projeto fortalece nossa pernambucanidade, levando ao nosso povo o sentimento de pertencimento e aproximando os s\u00edmbolos da nossa cultura a todos os pernambucanos\u201d, disse a gestora.<\/p>\n<p><img loading=\"lazy\" decoding=\"async\" src=\"https:\/\/blogdoedvaldomagalhaes.com.br\/wp-content\/uploads\/2026\/03\/img-20260305-wa03003802055129979251145.jpg\" class=\"wp-image-127429 alignnone size-full\" width=\"1280\" height=\"853\" srcset=\"https:\/\/blogdoedvaldomagalhaes.com.br\/wp-content\/uploads\/2026\/03\/img-20260305-wa03003802055129979251145.jpg 1280w, https:\/\/blogdoedvaldomagalhaes.com.br\/wp-content\/uploads\/2026\/03\/img-20260305-wa03003802055129979251145-300x200.jpg 300w, https:\/\/blogdoedvaldomagalhaes.com.br\/wp-content\/uploads\/2026\/03\/img-20260305-wa03003802055129979251145-1024x682.jpg 1024w, https:\/\/blogdoedvaldomagalhaes.com.br\/wp-content\/uploads\/2026\/03\/img-20260305-wa03003802055129979251145-768x512.jpg 768w\" sizes=\"auto, (max-width: 1280px) 100vw, 1280px\" \/><\/p>\n<p>O projeto reunir\u00e1 releituras em diversos ritmos, com artistas de forte representatividade territorial e reconhecimento art\u00edstico, como Nena Queiroga (frevo), Maestro Duda (orquestra de frevo), Gerlane Lops (samba), Lia de Itamarac\u00e1 (ciranda), Mago de Tarso (trap), Priscila Sena (brega), Joyce Alane (pop), Mundo Livre S\/A (manguebeat), Maciel Salu (maracatu), Petr\u00facio Amorim (forr\u00f3) e a Orquestra Sinf\u00f4nica do Recife (vers\u00e3o sinf\u00f4nica).<\/p>\n<p>A secret\u00e1ria de Cultura, Cacau de Paula, ressaltou a import\u00e2ncia da iniciativa para aproximar a popula\u00e7\u00e3o da identidade cultural do estado. \u201cDessa forma, nosso Hino chegar\u00e1 em diversas pessoas e, atrav\u00e9s do projeto, faremos com que nosso povo se sinta parte da nossa hist\u00f3ria, cantando nosso Hino e tendo orgulho do que \u00e9 nosso\u201d, ressaltou.<\/p>\n<p>O lan\u00e7amento do projeto teve in\u00edcio com o Cortejo dos Brincantes do Marco Zero ao Cais do Sert\u00e3o, com apresenta\u00e7\u00f5es de passistas de frevo, bandas marciais, grupos de cavalo-marinho, bacamarteiros e quadrilhas juninas. A cerim\u00f4nia contou ainda com as participa\u00e7\u00f5es dos cantores Nena Queiroga e Petr\u00facio Amorim.<\/p>\n<p>A cantora Nena Queiroga, que passar\u00e1 a interpretar o Hino no ritmo do frevo, destacou a emo\u00e7\u00e3o de participar do projeto. \u201cSou apaixonada por esse Hino. Ele \u00e9 muito bonito e a gente se sente mais pertencente ao nosso Estado quando o cantamos\u201d, afirmou. J\u00e1 o cantor Petr\u00facio Amorim, que interpreta o Hino no ritmo do forr\u00f3, disse: \u201cEstou profundamente emocionado, pois o Hino de Pernambuco, al\u00e9m de sua beleza ineg\u00e1vel, possui letra e melodia marcantes. Sinto grande honra ao ver os pernambucanos interpretando o hino do nosso Estado. \u00c9 um orgulho imenso\u201d, destacou.<\/p>\n<p><img loading=\"lazy\" decoding=\"async\" src=\"https:\/\/blogdoedvaldomagalhaes.com.br\/wp-content\/uploads\/2026\/03\/img-20260305-wa03013062014891127518946.jpg\" class=\"alignnone size-full wp-image-127430\" width=\"1280\" height=\"853\" srcset=\"https:\/\/blogdoedvaldomagalhaes.com.br\/wp-content\/uploads\/2026\/03\/img-20260305-wa03013062014891127518946.jpg 1280w, https:\/\/blogdoedvaldomagalhaes.com.br\/wp-content\/uploads\/2026\/03\/img-20260305-wa03013062014891127518946-300x200.jpg 300w, https:\/\/blogdoedvaldomagalhaes.com.br\/wp-content\/uploads\/2026\/03\/img-20260305-wa03013062014891127518946-1024x682.jpg 1024w, https:\/\/blogdoedvaldomagalhaes.com.br\/wp-content\/uploads\/2026\/03\/img-20260305-wa03013062014891127518946-768x512.jpg 768w\" sizes=\"auto, (max-width: 1280px) 100vw, 1280px\" \/><\/p>\n<p>A iniciativa do Governo de Pernambuco \u00e9 realizada por meio da secret\u00e1ria de Cultura, da Funda\u00e7\u00e3o do Patrim\u00f4nio Hist\u00f3rico e Art\u00edstico de Pernambuco (Fundarpe) e da Empresa de Turismo de Pernambuco (Empetur), em parceria com a secretaria de Educa\u00e7\u00e3o que trabalhar\u00e1 uma ativa\u00e7\u00e3o pedag\u00f3gica com interpreta\u00e7\u00e3o livre do Hino de Pernambuco pelos alunos da Rede Estadual atrav\u00e9s da produ\u00e7\u00e3o de v\u00eddeos. As melhores grava\u00e7\u00f5es ser\u00e3o selecionadas pelas 16 Ger\u00eancias Regionais de Ensino (GRE) do Estado.<\/p>\n<p>O presidente da Empetur, Eduardo Loyo, destacou a oportunidade de demonstrar a cultura do Estado. &#8220;Atrav\u00e9s dele, vamos mostrar ao Brasil nossa cultura, levando nosso sentimento de pernambucanidade para cada vez mais manifestar as potencialidades de Pernambuco\u201d pontuou. A presidente da Fundarpe, Renata Borba, complementou. &#8220;Ao reunir artistas de diferentes linguagens em torno de um s\u00edmbolo c\u00edvico t\u00e3o significativo, promovemos um encontro entre tradi\u00e7\u00e3o e contemporaneidade\u201d, concluiu.<\/p>\n<p>Durante o m\u00eas de mar\u00e7o, os artistas estar\u00e3o no est\u00fadio do Conservat\u00f3rio Pernambucano de M\u00fasica para gravar as vers\u00f5es, que devem ser disponibilizadas nas plataformas de m\u00fasicas em abril. Al\u00e9m do lan\u00e7amento digital, o projeto prev\u00ea distribui\u00e7\u00e3o e circula\u00e7\u00e3o em escolas da rede estadual, bibliotecas, r\u00e1dios comunit\u00e1rias, Pontos de Cultura e plataformas digitais, com materiais de apoio e recursos de acesso facilitado, como QR Codes.<\/p>\n<p>Presente no evento, o senador Fernando Dueire destacou a for\u00e7a do Hino. \u201cEssa can\u00e7\u00e3o tem tudo a ver com a nossa autoestima, com a coragem pernambucana e com a nossa vontade de fazer acontecer. O Governo do Estado tem resgatado esse sentimento de pertencimento\u201d, afirmou. O deputado estadual Jarbas Filho tamb\u00e9m esteve presente. \u201cEste \u00e9 um dia de muita emo\u00e7\u00e3o. Com essa iniciativa, o Governo do Estado refor\u00e7a nossa identidade e nossos valores culturais\u201d, pontuou.<\/p>\n<p>Estiveram presentes no evento os secret\u00e1rios estaduais Simone Nunes (Desenvolvimento Urbano e Habita\u00e7\u00e3o), Rodrigo Ribeiro (Projetos Estrat\u00e9gicos), Fabricio Marques (Planejamento, Gest\u00e3o e Desenvolvimento Regional) e Guilherme Cavalcanti (Desenvolvimento Econ\u00f4mico); o prefeito de Macaparana, Paulo Barbosa; o deputado estadual Ant\u00f4nio Moraes; o ex-governador de Pernambuco, Jarbas Vasconcelos; al\u00e9m da ex-deputada estadual Terezinha Nunes.    <\/p>\n<p>Siga o Instagram @portaledvaldomagalhaes<\/p>\n<p>Fotos: Yacy Ribeiro\/Secom<\/p>\n","protected":false},"excerpt":{"rendered":"<p>Valorizando um dos maiores s\u00edmbolos do Estado, a governadora Raquel Lyra lan\u00e7ou, nesta quinta-feira (5), o projeto \u201cV\u00e1rias Vozes, um&hellip;<\/p>\n","protected":false},"author":1,"featured_media":127428,"comment_status":"closed","ping_status":"open","sticky":false,"template":"","format":"standard","meta":{"footnotes":""},"categories":[14122],"tags":[13146,36039,20,34634,36040],"class_list":["post-127421","post","type-post","status-publish","format-standard","has-post-thumbnail","hentry","category-politica","tag-blog-edvaldo-magalhaes","tag-governadora-raquel-lyra-lanca-varias-vozes","tag-politica","tag-portal-edvaldo-magalhaes","tag-um-so-hino-com-releituras-do-hino-de-pernambuco-em-multiplos-ritmos"],"_links":{"self":[{"href":"https:\/\/blogdoedvaldomagalhaes.com.br\/index.php\/wp-json\/wp\/v2\/posts\/127421","targetHints":{"allow":["GET"]}}],"collection":[{"href":"https:\/\/blogdoedvaldomagalhaes.com.br\/index.php\/wp-json\/wp\/v2\/posts"}],"about":[{"href":"https:\/\/blogdoedvaldomagalhaes.com.br\/index.php\/wp-json\/wp\/v2\/types\/post"}],"author":[{"embeddable":true,"href":"https:\/\/blogdoedvaldomagalhaes.com.br\/index.php\/wp-json\/wp\/v2\/users\/1"}],"replies":[{"embeddable":true,"href":"https:\/\/blogdoedvaldomagalhaes.com.br\/index.php\/wp-json\/wp\/v2\/comments?post=127421"}],"version-history":[{"count":2,"href":"https:\/\/blogdoedvaldomagalhaes.com.br\/index.php\/wp-json\/wp\/v2\/posts\/127421\/revisions"}],"predecessor-version":[{"id":127431,"href":"https:\/\/blogdoedvaldomagalhaes.com.br\/index.php\/wp-json\/wp\/v2\/posts\/127421\/revisions\/127431"}],"wp:featuredmedia":[{"embeddable":true,"href":"https:\/\/blogdoedvaldomagalhaes.com.br\/index.php\/wp-json\/wp\/v2\/media\/127428"}],"wp:attachment":[{"href":"https:\/\/blogdoedvaldomagalhaes.com.br\/index.php\/wp-json\/wp\/v2\/media?parent=127421"}],"wp:term":[{"taxonomy":"category","embeddable":true,"href":"https:\/\/blogdoedvaldomagalhaes.com.br\/index.php\/wp-json\/wp\/v2\/categories?post=127421"},{"taxonomy":"post_tag","embeddable":true,"href":"https:\/\/blogdoedvaldomagalhaes.com.br\/index.php\/wp-json\/wp\/v2\/tags?post=127421"}],"curies":[{"name":"wp","href":"https:\/\/api.w.org\/{rel}","templated":true}]}}