{"id":127419,"date":"2026-03-05T21:20:16","date_gmt":"2026-03-06T00:20:16","guid":{"rendered":"https:\/\/blogdoedvaldomagalhaes.com.br\/?p=127419"},"modified":"2026-03-05T21:36:44","modified_gmt":"2026-03-06T00:36:44","slug":"governadora-raquel-lyra-anuncia-pacote-de-acoes-e-investimentos-para-fortalecer-politicas-publicas-para-mulheres-em-pernambuco","status":"publish","type":"post","link":"https:\/\/blogdoedvaldomagalhaes.com.br\/index.php\/2026\/03\/05\/governadora-raquel-lyra-anuncia-pacote-de-acoes-e-investimentos-para-fortalecer-politicas-publicas-para-mulheres-em-pernambuco\/","title":{"rendered":"Governadora Raquel Lyra anuncia pacote de a\u00e7\u00f5es e investimentos para fortalecer pol\u00edticas p\u00fablicas para mulheres em Pernambuco"},"content":{"rendered":"<p>Dando in\u00edcio \u00e0 programa\u00e7\u00e3o do m\u00eas internacional da Mulher, a governadora Raquel Lyra anunciou, nesta quinta-feira (5), um pacote de a\u00e7\u00f5es e investimentos estruturantes em prol das mulheres pernambucanas. Na cerim\u00f4nia, realizada no Pal\u00e1cio do Campo das Princesas, a chefe do Executivo estadual assinou conv\u00eanios com Organiza\u00e7\u00f5es da Sociedade Civil (OSCs) para projetos de promo\u00e7\u00e3o dos direitos das mulheres e lan\u00e7ou o Festival de Empreendedorismo Feminino, iniciativa itinerante que percorrer\u00e1 12 Regi\u00f5es de Desenvolvimento de Pernambuco. Al\u00e9m disso, a gestora anunciou um pacote de editais de R$ 4,6 milh\u00f5es voltado ao fortalecimento de startups e pesquisas inovadoras conduzidas por mulheres no Estado, entre outras a\u00e7\u00f5es.<\/p>\n<p>\u201cDar in\u00edcio \u00e0 programa\u00e7\u00e3o do m\u00eas da Mulher com a\u00e7\u00f5es concretas como essas mostra o compromisso do nosso governo em fortalecer pol\u00edticas p\u00fablicas que garantam mais direitos, oportunidades e autonomia para as pernambucanas. Estamos investindo no empreendedorismo feminino, incentivando a inova\u00e7\u00e3o liderada por mulheres e apoiando projetos que promovem cidadania e desenvolvimento em todas as regi\u00f5es do Estado. \u00c9 pol\u00edtica p\u00fablica de verdade sendo constru\u00edda por um governo que, pela primeira vez, \u00e9 liderado por mulheres\u201d, ressaltou a governadora Raquel Lyra, ao lado da vice-governadora Priscila Krause.<\/p>\n<p>Durante a solenidade, foi anunciado um pacote de editais que destina R$ 4,6 milh\u00f5es ao fortalecimento de inova\u00e7\u00e3o em Pernambuco, s\u00e3o eles: Pernambucanas Inovadoras, Pr\u00f3-Startups Mulheres que Inovam e Compet Mulheres. Ao todo, as tr\u00eas iniciativas poder\u00e3o beneficiar mais de 50 projetos de startups e pesquisadoras pernambucanas.<\/p>\n<p>A coordena\u00e7\u00e3o dos editais ser\u00e1 feita pela Secretaria de Ci\u00eancia, Tecnologia e Inova\u00e7\u00e3o (Secti-PE), em parceria com a Funda\u00e7\u00e3o de Amparo \u00e0 Ci\u00eancia e Tecnologia do Estado de Pernambuco (Facepe). \u201cEsse olhar da gest\u00e3o estadual tem feito a diferen\u00e7a para as mulheres pernambucanas. Nos \u00faltimos tr\u00eas anos, Pernambuco vem construindo uma trilha consistente de empreendedorismo feminino. Esses editais fazem parte de uma pol\u00edtica p\u00fablica consistente. Al\u00e9m disso, lan\u00e7aremos, em maio deste ano, um edital voltado para m\u00e3es cientistas. Quando as mulheres inovam, Pernambuco cresce\u201d, destacou a secret\u00e1ria de Ci\u00eancia, Tecnologia e Inova\u00e7\u00e3o, Mauric\u00e9lia Montenegro.<\/p>\n<p>Tamb\u00e9m foram assinados os Termos de Conv\u00eanio do Chamamento P\u00fablico, formalizando parceria com Organiza\u00e7\u00f5es da Sociedade Civil (OSCs). De acordo com a Secretaria da Mulher, cada institui\u00e7\u00e3o receber\u00e1 R$ 70 mil para executar projetos voltados \u00e0 promo\u00e7\u00e3o dos direitos das mulheres, fortalecimento da autonomia econ\u00f4mica e desenvolvimento de iniciativas sociais em diferentes regi\u00f5es do Estado.<\/p>\n<p>\u201cEste \u00e9 um conjunto de a\u00e7\u00f5es que fortalece a rede de prote\u00e7\u00e3o, amplia oportunidades e garante que as pol\u00edticas p\u00fablicas cheguem, de fato, \u00e0 vida das mulheres pernambucanas. Estamos apoiando projetos sociais, incentivando o empreendedorismo e levando servi\u00e7os, informa\u00e7\u00e3o e orienta\u00e7\u00e3o para todas as regi\u00f5es do Estado\u201d, destacou a secret\u00e1ria da Mulher, Juliana Gouveia.<\/p>\n<p>Al\u00e9m disso, foi lan\u00e7ado o Festival de Empreendedorismo Feminino, iniciativa itinerante que percorrer\u00e1 as 12 Regi\u00f5es de Desenvolvimento de Pernambuco, reunindo empreendedoras, artes\u00e3s, agricultoras familiares e trabalhadoras da economia solid\u00e1ria em espa\u00e7os de exposi\u00e7\u00e3o, comercializa\u00e7\u00e3o e forma\u00e7\u00e3o, e as Caravanas das Mulheres, estrat\u00e9gia que levar\u00e1 orienta\u00e7\u00e3o jur\u00eddica, atendimento psicossocial, qualifica\u00e7\u00e3o profissional e informa\u00e7\u00f5es sobre pol\u00edticas p\u00fablicas aos munic\u00edpios pernambucanos, com 12 edi\u00e7\u00f5es previstas j\u00e1 para o m\u00eas de mar\u00e7o. A gestora estadual tamb\u00e9m assinou o decreto que institui N\u00facleos de Estudos de G\u00eanero e Enfrentamento \u00e0s Viol\u00eancias contra as Mulheres (NEGs) nas institui\u00e7\u00f5es p\u00fablicas e privadas de ensino de Pernambuco, abrangendo o Ensino Fundamental II, o Ensino M\u00e9dio e a Educa\u00e7\u00e3o Profissional.<\/p>\n<p>Presente na solenidade,a deputada estadual D\u00e9bora Almeida, ressaltou a import\u00e2ncia dos investimentos realizados pelo Governo de Pernambuco. \u201cA vontade pol\u00edtica de fazer faz muita diferen\u00e7a nessa gest\u00e3o estadual. Esses investimentos em pol\u00edtica p\u00fablica para as mulheres s\u00f3 mostra o quanto essa gest\u00e3o \u00e9 comprometida com todos\u201d, disse. J\u00e1 o prefeito de Gl\u00f3ria do Goit\u00e1, Jaime Lima, afirmou que o Estado vem investindo em todas as \u00e1reas. \u201c\u00c9 desse jeito que se faz pol\u00edtica p\u00fablica e \u00e9 isso que a gente tem visto nos \u00faltimos tr\u00eas anos em Pernambuco. Um Estado que evolui constantemente\u201d, pontuou.<\/p>\n<p>Representando os pesquisadores que ser\u00e3o beneficiados com os investimentos em pesquisas, Maria Danielly, pesquisadora do Departamento de Bioqu\u00edmica da Universidade Federal de Pernambuco (UFPE), afirmou que quando se pensa em inova\u00e7\u00e3o e sa\u00fade, \u00e9 poss\u00edvel projetar o futuro da sociedade. \u201cSe n\u00e3o fossem esses investimentos, por meio do Inovape, n\u00e3o seria poss\u00edvel chegar onde chegamos. Pernambuco pode ser considerado um pa\u00eds da inova\u00e7\u00e3o\u201d, frisou.<\/p>\n<p><img loading=\"lazy\" decoding=\"async\" src=\"https:\/\/blogdoedvaldomagalhaes.com.br\/wp-content\/uploads\/2026\/03\/img-20260305-wa03035701595530818471848.jpg\" class=\"wp-image-127426 alignnone size-full\" width=\"1066\" height=\"1600\" srcset=\"https:\/\/blogdoedvaldomagalhaes.com.br\/wp-content\/uploads\/2026\/03\/img-20260305-wa03035701595530818471848.jpg 1066w, https:\/\/blogdoedvaldomagalhaes.com.br\/wp-content\/uploads\/2026\/03\/img-20260305-wa03035701595530818471848-200x300.jpg 200w, https:\/\/blogdoedvaldomagalhaes.com.br\/wp-content\/uploads\/2026\/03\/img-20260305-wa03035701595530818471848-682x1024.jpg 682w, https:\/\/blogdoedvaldomagalhaes.com.br\/wp-content\/uploads\/2026\/03\/img-20260305-wa03035701595530818471848-768x1153.jpg 768w, https:\/\/blogdoedvaldomagalhaes.com.br\/wp-content\/uploads\/2026\/03\/img-20260305-wa03035701595530818471848-1023x1536.jpg 1023w\" sizes=\"auto, (max-width: 1066px) 100vw, 1066px\" \/><\/p>\n<p>MAIS A\u00c7\u00d5ES \u2013 A solenidade tamb\u00e9m incluiu o an\u00fancio de duas corridas voltadas \u00e0 promo\u00e7\u00e3o da sa\u00fade e bem-estar das mulheres: no dia 15 de mar\u00e7o, em Sert\u00e2nia, no Sert\u00e3o do Moxot\u00f3, e no dia 22 de mar\u00e7o, em Limoeiro, no Agreste Setentrional. O pacote tamb\u00e9m contempla o lan\u00e7amento do site Mulheres Empreendedoras, plataforma digital com busca por munic\u00edpio e segmento que amplia a visibilidade de neg\u00f3cios liderados por mulheres no Estado: https:\/\/empreendemulher.pe.gov.br\/.<\/p>\n<p>Acompanharam a solenidade os secret\u00e1rios Guilherme Cavalcanti (Desenvolvimento Econ\u00f4mico), Simone Nunes (Desenvolvimento Urbano e Habita\u00e7\u00e3o), Ana Mara\u00edza (Administra\u00e7\u00e3o), Alessandro Carvalho (Defesa Social), Yanne Teles (Crian\u00e7a e Juventude), Gilson Monteiro (Educa\u00e7\u00e3o) e e Jo\u00e3o Salles (Assessoria Especial \u00e0 Governadora e Rela\u00e7\u00f5es Internacionais); o deputado Henrique Queiroz Filho; os prefeitos F\u00e1tima Borba (Cort\u00eas), Duguinha Lins (S\u00e3o Joaquim do Monte) e Pit\u00e9 (Quipap\u00e1); assim como, a diretora-presidente da Arena de Pernambuco, Michelle Collins, a diretora-presidente interina da Ag\u00eancia de Desenvolvimento Econ\u00f4mico de Pernambuco (Adepe), Roberta Andrade; Socorro Cavalcanti e Carlos Fritzen, reitores da Universidade de Pernambuco e Universidade Cat\u00f3lica de Pernambuco, respectivamente, marcaram presen\u00e7a, e o vereador do Recife, Agora \u00e9 Rubem.<br \/>\nSiga o Instagram do @portaledvaldomagalhaes<br \/>\nFotos: Jana\u00edna Pepeu\/Secom<\/p>\n","protected":false},"excerpt":{"rendered":"<p>Dando in\u00edcio \u00e0 programa\u00e7\u00e3o do m\u00eas internacional da Mulher, a governadora Raquel Lyra anunciou, nesta quinta-feira (5), um pacote de&hellip;<\/p>\n","protected":false},"author":1,"featured_media":127424,"comment_status":"closed","ping_status":"open","sticky":false,"template":"","format":"standard","meta":{"footnotes":""},"categories":[14122],"tags":[13146,36038,20,34634],"class_list":["post-127419","post","type-post","status-publish","format-standard","has-post-thumbnail","hentry","category-politica","tag-blog-edvaldo-magalhaes","tag-governadora-raquel-lyra-anuncia-pacote-de-acoes-e-investimentos-para-fortalecer-politicas-publicas-para-mulheres-em-pernambuco","tag-politica","tag-portal-edvaldo-magalhaes"],"_links":{"self":[{"href":"https:\/\/blogdoedvaldomagalhaes.com.br\/index.php\/wp-json\/wp\/v2\/posts\/127419","targetHints":{"allow":["GET"]}}],"collection":[{"href":"https:\/\/blogdoedvaldomagalhaes.com.br\/index.php\/wp-json\/wp\/v2\/posts"}],"about":[{"href":"https:\/\/blogdoedvaldomagalhaes.com.br\/index.php\/wp-json\/wp\/v2\/types\/post"}],"author":[{"embeddable":true,"href":"https:\/\/blogdoedvaldomagalhaes.com.br\/index.php\/wp-json\/wp\/v2\/users\/1"}],"replies":[{"embeddable":true,"href":"https:\/\/blogdoedvaldomagalhaes.com.br\/index.php\/wp-json\/wp\/v2\/comments?post=127419"}],"version-history":[{"count":3,"href":"https:\/\/blogdoedvaldomagalhaes.com.br\/index.php\/wp-json\/wp\/v2\/posts\/127419\/revisions"}],"predecessor-version":[{"id":127427,"href":"https:\/\/blogdoedvaldomagalhaes.com.br\/index.php\/wp-json\/wp\/v2\/posts\/127419\/revisions\/127427"}],"wp:featuredmedia":[{"embeddable":true,"href":"https:\/\/blogdoedvaldomagalhaes.com.br\/index.php\/wp-json\/wp\/v2\/media\/127424"}],"wp:attachment":[{"href":"https:\/\/blogdoedvaldomagalhaes.com.br\/index.php\/wp-json\/wp\/v2\/media?parent=127419"}],"wp:term":[{"taxonomy":"category","embeddable":true,"href":"https:\/\/blogdoedvaldomagalhaes.com.br\/index.php\/wp-json\/wp\/v2\/categories?post=127419"},{"taxonomy":"post_tag","embeddable":true,"href":"https:\/\/blogdoedvaldomagalhaes.com.br\/index.php\/wp-json\/wp\/v2\/tags?post=127419"}],"curies":[{"name":"wp","href":"https:\/\/api.w.org\/{rel}","templated":true}]}}