{"id":127418,"date":"2026-03-05T22:00:16","date_gmt":"2026-03-06T01:00:16","guid":{"rendered":"https:\/\/blogdoedvaldomagalhaes.com.br\/?p=127418"},"modified":"2026-03-05T22:02:49","modified_gmt":"2026-03-06T01:02:49","slug":"jorge-quintino-apresenta-auxilio-emergencial-para-mulheres-vitimas-de-violencia-e-pede-audiencia-publica","status":"publish","type":"post","link":"https:\/\/blogdoedvaldomagalhaes.com.br\/index.php\/2026\/03\/05\/jorge-quintino-apresenta-auxilio-emergencial-para-mulheres-vitimas-de-violencia-e-pede-audiencia-publica\/","title":{"rendered":"Jorge Quintino apresenta aux\u00edlio emergencial para mulheres v\u00edtimas de viol\u00eancia e pede audi\u00eancia p\u00fablica"},"content":{"rendered":"<p>Diante dos recentes \u00edndices de viol\u00eancia contra a mulher, o vereador Jorge Quintino (PODE) refor\u00e7ou sua atua\u00e7\u00e3o na pauta ao reiterar projetos de lei voltados \u00e0 preven\u00e7\u00e3o mais efetiva da viol\u00eancia dom\u00e9stica e \u00e0 responsabiliza\u00e7\u00e3o mais rigorosa dos agressores. O parlamentar tamb\u00e9m solicitou a realiza\u00e7\u00e3o de audi\u00eancia p\u00fablica junto ao Poder Executivo para ampliar o debate sobre o tema.<\/p>\n<p>Nesse contexto, nesta quinta-feira (5), ele apresentou um novo Projeto de Lei que institui o *\u201cAux\u00edlio Municipal Tempor\u00e1rio para Mulheres sob Medida Protetiva\u201d.* A proposta prev\u00ea a cria\u00e7\u00e3o de um benef\u00edcio emergencial destinado a mulheres em situa\u00e7\u00e3o de viol\u00eancia dom\u00e9stica e familiar.<\/p>\n<p>A iniciativa garante suporte financeiro tempor\u00e1rio por at\u00e9 seis meses para mulheres amparadas por medida protetiva de urg\u00eancia e que estejam em situa\u00e7\u00e3o de vulnerabilidade socioecon\u00f4mica. O objetivo \u00e9 assegurar condi\u00e7\u00f5es m\u00ednimas de moradia, alimenta\u00e7\u00e3o e transporte, especialmente nos casos em que a depend\u00eancia financeira dificulta o rompimento definitivo com o agressor. O projeto tamb\u00e9m prev\u00ea acompanhamento psicol\u00f3gico e multidisciplinar.<\/p>\n<p>Entre os crit\u00e9rios para concess\u00e3o est\u00e3o a comprova\u00e7\u00e3o da medida protetiva vigente e a inexist\u00eancia de renda suficiente para a manuten\u00e7\u00e3o pr\u00f3pria.<\/p>\n<p>Para Jorge Quintino, o diferencial da proposta est\u00e1 na uni\u00e3o entre prote\u00e7\u00e3o imediata e promo\u00e7\u00e3o da autonomia. \u201cA proposta n\u00e3o se limita ao amparo emergencial, mas busca criar condi\u00e7\u00f5es reais para que a mulher reconstrua sua vida com independ\u00eancia e seguran\u00e7a. A iniciativa fortalece a rede municipal de enfrentamento \u00e0 viol\u00eancia dom\u00e9stica e amplia a efetividade das medidas protetivas j\u00e1 previstas na legisla\u00e7\u00e3o nacional\u201d, afirmou.<\/p>\n<p>O projeto segue agora para an\u00e1lise nas comiss\u00f5es da Casa.<br \/>\nSiga o Instagram @portaledvaldomagalhaes<br \/>\nFoto: Divulga\u00e7\u00e3o <\/p>\n","protected":false},"excerpt":{"rendered":"<p>Diante dos recentes \u00edndices de viol\u00eancia contra a mulher, o vereador Jorge Quintino (PODE) refor\u00e7ou sua atua\u00e7\u00e3o na pauta ao&hellip;<\/p>\n","protected":false},"author":1,"featured_media":126824,"comment_status":"closed","ping_status":"open","sticky":false,"template":"","format":"standard","meta":{"footnotes":""},"categories":[14122],"tags":[13146,36041,20,34634],"class_list":["post-127418","post","type-post","status-publish","format-standard","has-post-thumbnail","hentry","category-politica","tag-blog-edvaldo-magalhaes","tag-jorge-quintino-apresenta-auxilio-emergencial-para-mulheres-vitimas-de-violencia-e-pede-audiencia-publica","tag-politica","tag-portal-edvaldo-magalhaes"],"_links":{"self":[{"href":"https:\/\/blogdoedvaldomagalhaes.com.br\/index.php\/wp-json\/wp\/v2\/posts\/127418","targetHints":{"allow":["GET"]}}],"collection":[{"href":"https:\/\/blogdoedvaldomagalhaes.com.br\/index.php\/wp-json\/wp\/v2\/posts"}],"about":[{"href":"https:\/\/blogdoedvaldomagalhaes.com.br\/index.php\/wp-json\/wp\/v2\/types\/post"}],"author":[{"embeddable":true,"href":"https:\/\/blogdoedvaldomagalhaes.com.br\/index.php\/wp-json\/wp\/v2\/users\/1"}],"replies":[{"embeddable":true,"href":"https:\/\/blogdoedvaldomagalhaes.com.br\/index.php\/wp-json\/wp\/v2\/comments?post=127418"}],"version-history":[{"count":2,"href":"https:\/\/blogdoedvaldomagalhaes.com.br\/index.php\/wp-json\/wp\/v2\/posts\/127418\/revisions"}],"predecessor-version":[{"id":127433,"href":"https:\/\/blogdoedvaldomagalhaes.com.br\/index.php\/wp-json\/wp\/v2\/posts\/127418\/revisions\/127433"}],"wp:featuredmedia":[{"embeddable":true,"href":"https:\/\/blogdoedvaldomagalhaes.com.br\/index.php\/wp-json\/wp\/v2\/media\/126824"}],"wp:attachment":[{"href":"https:\/\/blogdoedvaldomagalhaes.com.br\/index.php\/wp-json\/wp\/v2\/media?parent=127418"}],"wp:term":[{"taxonomy":"category","embeddable":true,"href":"https:\/\/blogdoedvaldomagalhaes.com.br\/index.php\/wp-json\/wp\/v2\/categories?post=127418"},{"taxonomy":"post_tag","embeddable":true,"href":"https:\/\/blogdoedvaldomagalhaes.com.br\/index.php\/wp-json\/wp\/v2\/tags?post=127418"}],"curies":[{"name":"wp","href":"https:\/\/api.w.org\/{rel}","templated":true}]}}