{"id":127415,"date":"2026-03-05T18:00:49","date_gmt":"2026-03-05T21:00:49","guid":{"rendered":"https:\/\/blogdoedvaldomagalhaes.com.br\/?p=127415"},"modified":"2026-03-05T18:00:49","modified_gmt":"2026-03-05T21:00:49","slug":"lancamento-do-livro-e-do-curta-metragem-do-meu-olhar-poema-um-pife-menino-em-caruaru-nesta-sexta-6","status":"publish","type":"post","link":"https:\/\/blogdoedvaldomagalhaes.com.br\/index.php\/2026\/03\/05\/lancamento-do-livro-e-do-curta-metragem-do-meu-olhar-poema-um-pife-menino-em-caruaru-nesta-sexta-6\/","title":{"rendered":"Lan\u00e7amento do livro e do curta-metragem &#8220;Do meu olhar poema, um pife menino&#8221; em Caruaru, nesta sexta (6)"},"content":{"rendered":"<p>Caruaru recebe, nesta sexta-feira, 06 de mar\u00e7o, \u00e0s 19h, o lan\u00e7amento do livro e do curta-metragem \u201cDo meu olhar poema, um pife menino\u201d, obra que retrata a trajet\u00f3ria do m\u00fasico e mestre e doutor honoris causa da cultura popular Jo\u00e3o do Pife.<br \/>\nO livro foi escrito por Iris Marcolino, pesquisadora, mestre e doutora pela Universidade Federal de Santa Catarina, e apresenta uma abordagem sens\u00edvel e investigativa sobre a vida e a contribui\u00e7\u00e3o art\u00edstica de Jo\u00e3o do Pife para a cultura nordestina. A publica\u00e7\u00e3o re\u00fane mem\u00f3ria, an\u00e1lise e poesia para registrar o legado de um dos principais nomes do p\u00edfano no Brasil.<br \/>\nO curta-metragem \u00e9 dirigido por Cesar Caos, cineasta premiado do Agreste pernambucano, e prop\u00f5e uma narrativa audiovisual que dialoga com o livro, ampliando o alcance da obra por meio de imagens, depoimentos e registros que evidenciam a for\u00e7a simb\u00f3lica do pife enquanto express\u00e3o cultural.<br \/>\nEste \u00e9 o segundo filme realizado por Iris Marcolino e Cesar Caos, consolidando a parceria art\u00edstica da dupla na produ\u00e7\u00e3o de obras voltadas \u00e0 valoriza\u00e7\u00e3o da cultura popular nordestina.<br \/>\nReconhecido nacionalmente por sua contribui\u00e7\u00e3o \u00e0 m\u00fasica tradicional, Jo\u00e3o do Pife construiu ao longo de d\u00e9cadas uma trajet\u00f3ria marcada pela preserva\u00e7\u00e3o e difus\u00e3o da cultura popular. O projeto liter\u00e1rio e cinematogr\u00e1fico busca fortalecer essa mem\u00f3ria e ampliar o acesso do p\u00fablico \u00e0 hist\u00f3ria de um dos grandes representantes da m\u00fasica nordestina.<br \/>\nO lan\u00e7amento ser\u00e1 realizado na Rua Cardeal Arcoverde, n\u00ba 133, Bairro do Salgado, em Caruaru (PE), com entrada gratuita e aberta ao p\u00fablico.<br \/>\nServi\u00e7o<br \/>\nLan\u00e7amento do livro e do curta-metragem \u201cDo meu olhar poema, um pife menino\u201d<br \/>\nData: 06 de mar\u00e7o (sexta-feira)<br \/>\nHor\u00e1rio: 19h<br \/>\nLocal: Rua Cardeal Arcoverde, 133 \u2013 Bairro do Salgado \u2013 Caruaru (PE)<br \/>\nEntrada gratuita<br \/>\nSiga o Instagram @portaledvaldomagalhaes<br \/>\nFoto: Divulga\u00e7\u00e3o <\/p>\n","protected":false},"excerpt":{"rendered":"<p>Caruaru recebe, nesta sexta-feira, 06 de mar\u00e7o, \u00e0s 19h, o lan\u00e7amento do livro e do curta-metragem \u201cDo meu olhar poema,&hellip;<\/p>\n","protected":false},"author":1,"featured_media":127416,"comment_status":"closed","ping_status":"open","sticky":false,"template":"","format":"standard","meta":{"footnotes":""},"categories":[14120],"tags":[27410,13146,34634],"class_list":["post-127415","post","type-post","status-publish","format-standard","has-post-thumbnail","hentry","category-noticias","tag-blog-de-caruaru","tag-blog-edvaldo-magalhaes","tag-portal-edvaldo-magalhaes"],"_links":{"self":[{"href":"https:\/\/blogdoedvaldomagalhaes.com.br\/index.php\/wp-json\/wp\/v2\/posts\/127415","targetHints":{"allow":["GET"]}}],"collection":[{"href":"https:\/\/blogdoedvaldomagalhaes.com.br\/index.php\/wp-json\/wp\/v2\/posts"}],"about":[{"href":"https:\/\/blogdoedvaldomagalhaes.com.br\/index.php\/wp-json\/wp\/v2\/types\/post"}],"author":[{"embeddable":true,"href":"https:\/\/blogdoedvaldomagalhaes.com.br\/index.php\/wp-json\/wp\/v2\/users\/1"}],"replies":[{"embeddable":true,"href":"https:\/\/blogdoedvaldomagalhaes.com.br\/index.php\/wp-json\/wp\/v2\/comments?post=127415"}],"version-history":[{"count":1,"href":"https:\/\/blogdoedvaldomagalhaes.com.br\/index.php\/wp-json\/wp\/v2\/posts\/127415\/revisions"}],"predecessor-version":[{"id":127417,"href":"https:\/\/blogdoedvaldomagalhaes.com.br\/index.php\/wp-json\/wp\/v2\/posts\/127415\/revisions\/127417"}],"wp:featuredmedia":[{"embeddable":true,"href":"https:\/\/blogdoedvaldomagalhaes.com.br\/index.php\/wp-json\/wp\/v2\/media\/127416"}],"wp:attachment":[{"href":"https:\/\/blogdoedvaldomagalhaes.com.br\/index.php\/wp-json\/wp\/v2\/media?parent=127415"}],"wp:term":[{"taxonomy":"category","embeddable":true,"href":"https:\/\/blogdoedvaldomagalhaes.com.br\/index.php\/wp-json\/wp\/v2\/categories?post=127415"},{"taxonomy":"post_tag","embeddable":true,"href":"https:\/\/blogdoedvaldomagalhaes.com.br\/index.php\/wp-json\/wp\/v2\/tags?post=127415"}],"curies":[{"name":"wp","href":"https:\/\/api.w.org\/{rel}","templated":true}]}}