{"id":127411,"date":"2026-03-05T10:11:14","date_gmt":"2026-03-05T13:11:14","guid":{"rendered":"https:\/\/blogdoedvaldomagalhaes.com.br\/?p=127411"},"modified":"2026-03-05T12:56:24","modified_gmt":"2026-03-05T15:56:24","slug":"motorista-morre-apos-colisao-frontal-entre-dois-caminhoes","status":"publish","type":"post","link":"https:\/\/blogdoedvaldomagalhaes.com.br\/index.php\/2026\/03\/05\/motorista-morre-apos-colisao-frontal-entre-dois-caminhoes\/","title":{"rendered":"Motorista morre, ap\u00f3s colis\u00e3o frontal entre dois caminh\u00f5es"},"content":{"rendered":"<p>Por volta das 5h15 da manh\u00e3 desta quinta-feira (05.03) a PRF foi acionada para atender um sinistro no Km 172 da BR 232 em Belo Jardim, no Agreste de Pernambuco. Foi uma colis\u00e3o frontal entre dois caminh\u00f5es.<\/p>\n<p>O motorista Luiz Eduardo Barbosa da Silva, de 24 anos de idade, faleceu no local.<\/p>\n<p>O outro motorista ficou ferido e foi encaminhado para o Hospital de Belo Jardim. Posteriormente, a equipe recebeu a informa\u00e7\u00e3o de que ele tamb\u00e9m faleceu.<\/p>\n<p>A PRF e o Corpo de Bombeiros est\u00e3o no local aguardando o IC e IML. A Pol\u00edcia Civil vai investigar o caso.<br \/>\nSiga o Instagram @portaledvaldomagalhaes<br \/>\nFoto: Divulga\u00e7\u00e3o\/PRF<\/p>\n","protected":false},"excerpt":{"rendered":"<p>Por volta das 5h15 da manh\u00e3 desta quinta-feira (05.03) a PRF foi acionada para atender um sinistro no Km 172&hellip;<\/p>\n","protected":false},"author":1,"featured_media":127412,"comment_status":"closed","ping_status":"open","sticky":false,"template":"","format":"standard","meta":{"footnotes":""},"categories":[14120],"tags":[14276,13146,36037,34634],"class_list":["post-127411","post","type-post","status-publish","format-standard","has-post-thumbnail","hentry","category-noticias","tag-acidente","tag-blog-edvaldo-magalhaes","tag-motorista-morre-apos-colisao-frontal-entre-dois-caminhoes","tag-portal-edvaldo-magalhaes"],"_links":{"self":[{"href":"https:\/\/blogdoedvaldomagalhaes.com.br\/index.php\/wp-json\/wp\/v2\/posts\/127411","targetHints":{"allow":["GET"]}}],"collection":[{"href":"https:\/\/blogdoedvaldomagalhaes.com.br\/index.php\/wp-json\/wp\/v2\/posts"}],"about":[{"href":"https:\/\/blogdoedvaldomagalhaes.com.br\/index.php\/wp-json\/wp\/v2\/types\/post"}],"author":[{"embeddable":true,"href":"https:\/\/blogdoedvaldomagalhaes.com.br\/index.php\/wp-json\/wp\/v2\/users\/1"}],"replies":[{"embeddable":true,"href":"https:\/\/blogdoedvaldomagalhaes.com.br\/index.php\/wp-json\/wp\/v2\/comments?post=127411"}],"version-history":[{"count":2,"href":"https:\/\/blogdoedvaldomagalhaes.com.br\/index.php\/wp-json\/wp\/v2\/posts\/127411\/revisions"}],"predecessor-version":[{"id":127414,"href":"https:\/\/blogdoedvaldomagalhaes.com.br\/index.php\/wp-json\/wp\/v2\/posts\/127411\/revisions\/127414"}],"wp:featuredmedia":[{"embeddable":true,"href":"https:\/\/blogdoedvaldomagalhaes.com.br\/index.php\/wp-json\/wp\/v2\/media\/127412"}],"wp:attachment":[{"href":"https:\/\/blogdoedvaldomagalhaes.com.br\/index.php\/wp-json\/wp\/v2\/media?parent=127411"}],"wp:term":[{"taxonomy":"category","embeddable":true,"href":"https:\/\/blogdoedvaldomagalhaes.com.br\/index.php\/wp-json\/wp\/v2\/categories?post=127411"},{"taxonomy":"post_tag","embeddable":true,"href":"https:\/\/blogdoedvaldomagalhaes.com.br\/index.php\/wp-json\/wp\/v2\/tags?post=127411"}],"curies":[{"name":"wp","href":"https:\/\/api.w.org\/{rel}","templated":true}]}}