{"id":127408,"date":"2026-03-04T21:52:17","date_gmt":"2026-03-05T00:52:17","guid":{"rendered":"https:\/\/blogdoedvaldomagalhaes.com.br\/?p=127408"},"modified":"2026-03-04T21:52:17","modified_gmt":"2026-03-05T00:52:17","slug":"policia-militar-auxilia-em-parto","status":"publish","type":"post","link":"https:\/\/blogdoedvaldomagalhaes.com.br\/index.php\/2026\/03\/04\/policia-militar-auxilia-em-parto\/","title":{"rendered":"Pol\u00edcia Militar auxilia em parto"},"content":{"rendered":"<p>A Pol\u00edcia Militar de Pernambuco, atrav\u00e9s do 13\u00ba BPM, protagonizou uma ocorr\u00eancia marcada pela sensibilidade e pelo compromisso com a vida. Durante rondas ostensivas no bairro de \u00c1gua Fria, a equipe visualizou um ve\u00edculo parado em atitude que chamou a aten\u00e7\u00e3o do efetivo. Ao realizar a abordagem, o condutor informou ser motorista de aplicativo e relatou que aguardava uma corrida, cuja solicitante encontrava-se em trabalho de parto.<\/p>\n<p>No momento em que a gestante se aproximou do ve\u00edculo, o trabalho de parto evoluiu rapidamente. Diante da situa\u00e7\u00e3o emergencial, o efetivo policial prestou o apoio necess\u00e1rio para auxiliar no nascimento da crian\u00e7a, adotando os cuidados iniciais at\u00e9 a chegada do socorro especializado. De imediato, foi acionado o Servi\u00e7o de Atendimento M\u00f3vel de Urg\u00eancia (SAMU), que compareceu ao local e realizou os procedimentos m\u00e9dicos necess\u00e1rios. Ap\u00f3s a estabiliza\u00e7\u00e3o, a m\u00e3e e o rec\u00e9m-nascido foram encaminhados ao Hospital Barros Lima, onde permaneceram sob cuidados m\u00e9dicos.<\/p>\n<p>A ocorr\u00eancia evidencia que o trabalho da Pol\u00edcia Militar vai al\u00e9m do policiamento ostensivo e do combate \u00e0 criminalidade. A atua\u00e7\u00e3o da PMPE tamb\u00e9m \u00e9 marcada pelo compromisso com a preserva\u00e7\u00e3o da vida, pela pronta resposta em situa\u00e7\u00f5es de emerg\u00eancia e pela proximidade com a popula\u00e7\u00e3o.<br \/>\nSiga o Instagram @portaledvaldomagalhaes<br \/>\nFoto: Divulga\u00e7\u00e3o\/PMPE <\/p>\n","protected":false},"excerpt":{"rendered":"<p>A Pol\u00edcia Militar de Pernambuco, atrav\u00e9s do 13\u00ba BPM, protagonizou uma ocorr\u00eancia marcada pela sensibilidade e pelo compromisso com a&hellip;<\/p>\n","protected":false},"author":1,"featured_media":127409,"comment_status":"closed","ping_status":"open","sticky":false,"template":"","format":"standard","meta":{"footnotes":""},"categories":[14121],"tags":[13146,36036,34634],"class_list":["post-127408","post","type-post","status-publish","format-standard","has-post-thumbnail","hentry","category-policial","tag-blog-edvaldo-magalhaes","tag-policia-militar-auxilia-em-parto","tag-portal-edvaldo-magalhaes"],"_links":{"self":[{"href":"https:\/\/blogdoedvaldomagalhaes.com.br\/index.php\/wp-json\/wp\/v2\/posts\/127408","targetHints":{"allow":["GET"]}}],"collection":[{"href":"https:\/\/blogdoedvaldomagalhaes.com.br\/index.php\/wp-json\/wp\/v2\/posts"}],"about":[{"href":"https:\/\/blogdoedvaldomagalhaes.com.br\/index.php\/wp-json\/wp\/v2\/types\/post"}],"author":[{"embeddable":true,"href":"https:\/\/blogdoedvaldomagalhaes.com.br\/index.php\/wp-json\/wp\/v2\/users\/1"}],"replies":[{"embeddable":true,"href":"https:\/\/blogdoedvaldomagalhaes.com.br\/index.php\/wp-json\/wp\/v2\/comments?post=127408"}],"version-history":[{"count":1,"href":"https:\/\/blogdoedvaldomagalhaes.com.br\/index.php\/wp-json\/wp\/v2\/posts\/127408\/revisions"}],"predecessor-version":[{"id":127410,"href":"https:\/\/blogdoedvaldomagalhaes.com.br\/index.php\/wp-json\/wp\/v2\/posts\/127408\/revisions\/127410"}],"wp:featuredmedia":[{"embeddable":true,"href":"https:\/\/blogdoedvaldomagalhaes.com.br\/index.php\/wp-json\/wp\/v2\/media\/127409"}],"wp:attachment":[{"href":"https:\/\/blogdoedvaldomagalhaes.com.br\/index.php\/wp-json\/wp\/v2\/media?parent=127408"}],"wp:term":[{"taxonomy":"category","embeddable":true,"href":"https:\/\/blogdoedvaldomagalhaes.com.br\/index.php\/wp-json\/wp\/v2\/categories?post=127408"},{"taxonomy":"post_tag","embeddable":true,"href":"https:\/\/blogdoedvaldomagalhaes.com.br\/index.php\/wp-json\/wp\/v2\/tags?post=127408"}],"curies":[{"name":"wp","href":"https:\/\/api.w.org\/{rel}","templated":true}]}}