{"id":1274,"date":"2018-09-19T14:59:00","date_gmt":"2018-09-19T17:59:00","guid":{"rendered":"http:\/\/blogdoedvaldomagalhaes.com.br\/index.php\/2018\/09\/19\/pintor-sofre-tentativa-de-homicidio\/"},"modified":"2019-02-09T02:31:27","modified_gmt":"2019-02-09T04:31:27","slug":"pintor-sofre-tentativa-de-homicidio","status":"publish","type":"post","link":"https:\/\/blogdoedvaldomagalhaes.com.br\/index.php\/2018\/09\/19\/pintor-sofre-tentativa-de-homicidio\/","title":{"rendered":"Pintor sofre tentativa de homic\u00eddio quando estava trabalhando em Caruaru"},"content":{"rendered":"<div class=\"separator\" style=\"clear: both; text-align: center;\">\n<a href=\"https:\/\/1.bp.blogspot.com\/-LYnRnAZwAtM\/W6Jia2sUiiI\/AAAAAAAA6Kg\/GMzh6mYdgMoZWOEeSQJEQSUroxz5UQq9gCLcBGAs\/s1600\/IMG-20180919-WA0052.jpg\" imageanchor=\"1\" style=\"margin-left: 1em; margin-right: 1em;\"><img loading=\"lazy\" decoding=\"async\" border=\"0\" data-original-height=\"585\" data-original-width=\"1040\" height=\"360\" src=\"http:\/\/blogdoedvaldomagalhaes.com.br\/wp-content\/uploads\/2018\/09\/IMG-20180919-WA0052.jpg\" width=\"640\" \/><\/a><\/div>\n<div class=\"separator\" style=\"clear: both; text-align: center;\">\nFoto e informa\u00e7\u00f5es: Renan da Funer\u00e1ria&nbsp;<\/div>\n<p><\/p>\n<div style=\"text-align: justify;\">\nUma tentativa de homic\u00eddio foi registrada na manh\u00e3 desta quarta-feira (19), na rua Belmiro Gouveia, no Alto da Banana, em Caruaru. Durval Henrique do Nascimento, conhecido por<br \/>\n&#8220;Durval Pintor&#8221;, de 50 anos de idade, estava pintando uma casa, quando chegaram dois indiv\u00edduos efetuaram cinco disparos de arma de fogo contra a v\u00edtima, que correu, se escondendo em uma mercearia pr\u00f3ximo \u00e0 resid\u00eancia que estava pintando, mas foi alvejada por &nbsp;tr\u00eas disparos, que atingiram o peito, o bra\u00e7o e a perna da v\u00edtima, que socorrida pelo Samu para o Hospital Regional do Agreste (HRA).<\/p>\n<p><\/p>\n<div class=\"separator\" style=\"clear: both; text-align: center;\">\n<a href=\"https:\/\/1.bp.blogspot.com\/-SyViwH5KHNU\/W6JrHoqLgYI\/AAAAAAAA6Ks\/dIprFncAYQ0sj4Zm8rpQxiBe30WQ34fTQCLcBGAs\/s1600\/IMG-20180919-WA0110.jpg\" imageanchor=\"1\" style=\"margin-left: 1em; margin-right: 1em;\"><img loading=\"lazy\" decoding=\"async\" border=\"0\" data-original-height=\"960\" data-original-width=\"1280\" height=\"480\" src=\"http:\/\/blogdoedvaldomagalhaes.com.br\/wp-content\/uploads\/2018\/09\/IMG-20180919-WA0110.jpg\" width=\"640\" \/><\/a><\/div>\n<p><\/div>\n","protected":false},"excerpt":{"rendered":"<p>Foto e informa\u00e7\u00f5es: Renan da Funer\u00e1ria&nbsp; Uma tentativa de homic\u00eddio foi registrada na manh\u00e3 desta quarta-feira (19), na rua Belmiro&hellip;<\/p>\n","protected":false},"author":1,"featured_media":0,"comment_status":"open","ping_status":"open","sticky":false,"template":"","format":"standard","meta":{"footnotes":""},"categories":[1],"tags":[2,1234,13],"class_list":["post-1274","post","type-post","status-publish","format-standard","hentry","category-sem-categoria","tag-blog-do-edvaldo-magalhaes","tag-pintor-sofre-tentativa-de-homicidio-quando-estava-trabalhando-em-caruaru","tag-policial"],"_links":{"self":[{"href":"https:\/\/blogdoedvaldomagalhaes.com.br\/index.php\/wp-json\/wp\/v2\/posts\/1274","targetHints":{"allow":["GET"]}}],"collection":[{"href":"https:\/\/blogdoedvaldomagalhaes.com.br\/index.php\/wp-json\/wp\/v2\/posts"}],"about":[{"href":"https:\/\/blogdoedvaldomagalhaes.com.br\/index.php\/wp-json\/wp\/v2\/types\/post"}],"author":[{"embeddable":true,"href":"https:\/\/blogdoedvaldomagalhaes.com.br\/index.php\/wp-json\/wp\/v2\/users\/1"}],"replies":[{"embeddable":true,"href":"https:\/\/blogdoedvaldomagalhaes.com.br\/index.php\/wp-json\/wp\/v2\/comments?post=1274"}],"version-history":[{"count":1,"href":"https:\/\/blogdoedvaldomagalhaes.com.br\/index.php\/wp-json\/wp\/v2\/posts\/1274\/revisions"}],"predecessor-version":[{"id":34168,"href":"https:\/\/blogdoedvaldomagalhaes.com.br\/index.php\/wp-json\/wp\/v2\/posts\/1274\/revisions\/34168"}],"wp:attachment":[{"href":"https:\/\/blogdoedvaldomagalhaes.com.br\/index.php\/wp-json\/wp\/v2\/media?parent=1274"}],"wp:term":[{"taxonomy":"category","embeddable":true,"href":"https:\/\/blogdoedvaldomagalhaes.com.br\/index.php\/wp-json\/wp\/v2\/categories?post=1274"},{"taxonomy":"post_tag","embeddable":true,"href":"https:\/\/blogdoedvaldomagalhaes.com.br\/index.php\/wp-json\/wp\/v2\/tags?post=1274"}],"curies":[{"name":"wp","href":"https:\/\/api.w.org\/{rel}","templated":true}]}}