{"id":1273,"date":"2018-09-19T17:17:00","date_gmt":"2018-09-19T20:17:00","guid":{"rendered":"http:\/\/blogdoedvaldomagalhaes.com.br\/index.php\/2018\/09\/19\/setor-de-saude-e-inaugurado-na\/"},"modified":"2019-02-09T02:31:31","modified_gmt":"2019-02-09T04:31:31","slug":"setor-de-saude-e-inaugurado-na","status":"publish","type":"post","link":"https:\/\/blogdoedvaldomagalhaes.com.br\/index.php\/2018\/09\/19\/setor-de-saude-e-inaugurado-na\/","title":{"rendered":"Setor de Sa\u00fade \u00e9 inaugurado na Penitenci\u00e1ria de Caruaru"},"content":{"rendered":"<div class=\"separator\" style=\"clear: both; text-align: center;\">\n<\/div>\n<p><\/p>\n<div class=\"separator\" style=\"clear: both; text-align: center;\">\n<a href=\"https:\/\/2.bp.blogspot.com\/-IpILs2gU1hQ\/W6KD7Yn5L_I\/AAAAAAAA6Lk\/irv1TenV0zIiWX9InRKpnm7LDbK2Y3_MQCLcBGAs\/s1600\/IMG_20180919_120306372_HDR.jpg\" imageanchor=\"1\" style=\"margin-left: 1em; margin-right: 1em;\"><img loading=\"lazy\" decoding=\"async\" border=\"0\" data-original-height=\"1200\" data-original-width=\"1600\" height=\"480\" src=\"http:\/\/blogdoedvaldomagalhaes.com.br\/wp-content\/uploads\/2018\/09\/IMG_20180919_120306372_HDR.jpg\" width=\"640\" \/><\/a><\/div>\n<p><\/p>\n<div class=\"separator\" style=\"clear: both; text-align: center;\">\n<a href=\"https:\/\/4.bp.blogspot.com\/-fTGb5VW3KBY\/W6KD-yH_pkI\/AAAAAAAA6Lo\/Fy2g2YkCtsAbzfi821uidKCB3wEC6rrqQCLcBGAs\/s1600\/IMG_20180919_120507049.jpg\" imageanchor=\"1\" style=\"margin-left: 1em; margin-right: 1em;\"><img loading=\"lazy\" decoding=\"async\" border=\"0\" data-original-height=\"1200\" data-original-width=\"1600\" height=\"480\" src=\"http:\/\/blogdoedvaldomagalhaes.com.br\/wp-content\/uploads\/2018\/09\/IMG_20180919_120507049.jpg\" width=\"640\" \/><\/a><\/div>\n<p><\/p>\n<div class=\"separator\" style=\"clear: both; text-align: center;\">\n<a href=\"https:\/\/3.bp.blogspot.com\/-P_jfRBbO1NE\/W6KEE8VqvxI\/AAAAAAAA6Ls\/DLHuZBnrSV0VR-icN5n-91RHmdB-5uGpwCLcBGAs\/s1600\/IMG_20180919_120522282.jpg\" imageanchor=\"1\" style=\"margin-left: 1em; margin-right: 1em;\"><img loading=\"lazy\" decoding=\"async\" border=\"0\" data-original-height=\"1200\" data-original-width=\"1600\" height=\"480\" src=\"http:\/\/blogdoedvaldomagalhaes.com.br\/wp-content\/uploads\/2018\/09\/IMG_20180919_120522282.jpg\" width=\"640\" \/><\/a><\/div>\n<p><\/p>\n<div class=\"separator\" style=\"clear: both; text-align: center;\">\n<a href=\"https:\/\/3.bp.blogspot.com\/-qHPIhr52ddE\/W6KEKPIdbiI\/AAAAAAAA6Lw\/osmh7fu2BsIjrcFa7BXtvFT3natNd8c8gCLcBGAs\/s1600\/IMG_20180919_120538995.jpg\" imageanchor=\"1\" style=\"margin-left: 1em; margin-right: 1em;\"><img loading=\"lazy\" decoding=\"async\" border=\"0\" data-original-height=\"1200\" data-original-width=\"1600\" height=\"480\" src=\"http:\/\/blogdoedvaldomagalhaes.com.br\/wp-content\/uploads\/2018\/09\/IMG_20180919_120538995.jpg\" width=\"640\" \/><\/a><\/div>\n<p><\/p>\n<div class=\"separator\" style=\"clear: both; text-align: center;\">\n<a href=\"https:\/\/3.bp.blogspot.com\/-oY2Hv0tbd9k\/W6KEOyHQYDI\/AAAAAAAA6L4\/m2lSGH3OorYY6sBx0gcTWS9BpQ65V47wACLcBGAs\/s1600\/IMG_20180919_120630418.jpg\" imageanchor=\"1\" style=\"margin-left: 1em; margin-right: 1em;\"><img loading=\"lazy\" decoding=\"async\" border=\"0\" data-original-height=\"1200\" data-original-width=\"1600\" height=\"480\" src=\"http:\/\/blogdoedvaldomagalhaes.com.br\/wp-content\/uploads\/2018\/09\/IMG_20180919_120630418.jpg\" width=\"640\" \/><\/a><\/div>\n<p><\/p>\n<div class=\"separator\" style=\"clear: both; text-align: center;\">\n<a href=\"https:\/\/4.bp.blogspot.com\/-kyiloYasVog\/W6KEP9jk4ZI\/AAAAAAAA6L8\/dhoWpvllgvAS_QQ3MEYwRbnQPfqsuTtagCLcBGAs\/s1600\/IMG_20180919_121307207.jpg\" imageanchor=\"1\" style=\"margin-left: 1em; margin-right: 1em;\"><img loading=\"lazy\" decoding=\"async\" border=\"0\" data-original-height=\"1200\" data-original-width=\"1600\" height=\"480\" src=\"http:\/\/blogdoedvaldomagalhaes.com.br\/wp-content\/uploads\/2018\/09\/IMG_20180919_121307207.jpg\" width=\"640\" \/><\/a><\/div>\n<p><\/p>\n<div class=\"separator\" style=\"clear: both; text-align: center;\">\n<a href=\"https:\/\/3.bp.blogspot.com\/-hWVUMXgCsxI\/W6KESn7hcCI\/AAAAAAAA6MA\/0VYx0Lz09JYfg71j39OQUZzM7Jky7UgvgCLcBGAs\/s1600\/IMG_20180919_120439337.jpg\" imageanchor=\"1\" style=\"margin-left: 1em; margin-right: 1em;\"><img loading=\"lazy\" decoding=\"async\" border=\"0\" data-original-height=\"1200\" data-original-width=\"1600\" height=\"480\" src=\"http:\/\/blogdoedvaldomagalhaes.com.br\/wp-content\/uploads\/2018\/09\/IMG_20180919_120439337.jpg\" width=\"640\" \/><\/a><\/div>\n<p><\/p>\n<div class=\"separator\" style=\"clear: both; text-align: center;\">\n<a href=\"https:\/\/2.bp.blogspot.com\/-SYFrRBz0RbE\/W6KEZoxkPCI\/AAAAAAAA6ME\/yudUT-Wha-EeISLd6Z2bYRJeQmlB2ycpQCLcBGAs\/s1600\/IMG_20180919_111322979.jpg\" imageanchor=\"1\" style=\"margin-left: 1em; margin-right: 1em;\"><img loading=\"lazy\" decoding=\"async\" border=\"0\" data-original-height=\"1200\" data-original-width=\"1600\" height=\"480\" src=\"http:\/\/blogdoedvaldomagalhaes.com.br\/wp-content\/uploads\/2018\/09\/IMG_20180919_111322979.jpg\" width=\"640\" \/><\/a><\/div>\n<p><\/p>\n<div class=\"separator\" style=\"clear: both; text-align: center;\">\n<a href=\"https:\/\/2.bp.blogspot.com\/-JzA_HGzMieY\/W6KEcB1MTbI\/AAAAAAAA6MM\/JIYElhymsIAb-wcNdb3VhZV2g1gDyZOnwCLcBGAs\/s1600\/IMG_20180919_113913814.jpg\" imageanchor=\"1\" style=\"margin-left: 1em; margin-right: 1em;\"><img loading=\"lazy\" decoding=\"async\" border=\"0\" data-original-height=\"1200\" data-original-width=\"1600\" height=\"480\" src=\"http:\/\/blogdoedvaldomagalhaes.com.br\/wp-content\/uploads\/2018\/09\/IMG_20180919_113913814.jpg\" width=\"640\" \/><\/a><\/div>\n<p><\/p>\n<div class=\"separator\" style=\"clear: both; text-align: center;\">\n<a href=\"https:\/\/4.bp.blogspot.com\/-BSDzZG9R5_E\/W6KEdu8tJhI\/AAAAAAAA6MQ\/drwaNDiN0z4JIL47cNo8hXzKQBmij0L-gCLcBGAs\/s1600\/IMG_20180919_111303253.jpg\" imageanchor=\"1\" style=\"margin-left: 1em; margin-right: 1em;\"><img loading=\"lazy\" decoding=\"async\" border=\"0\" data-original-height=\"1200\" data-original-width=\"1600\" height=\"480\" src=\"http:\/\/blogdoedvaldomagalhaes.com.br\/wp-content\/uploads\/2018\/09\/IMG_20180919_111303253.jpg\" width=\"640\" \/><\/a><\/div>\n<p><\/p>\n<div style=\"background-color: white; box-sizing: border-box; line-height: 24px; margin-bottom: 10px; text-align: justify;\">\nA Secretaria de Justi\u00e7a e Direitos Humanos, atrav\u00e9s da Executiva de Ressocializa\u00e7\u00e3o (Seres), inaugurou nesta quarta-feira (19) o Setor de Sa\u00fade da Penitenci\u00e1ria Juiz Pl\u00e1cido de Souza,&nbsp;em Caruaru, Agreste pernambucano. A solenidade de entrega do espa\u00e7o ocorreu no audit\u00f3rio com a presen\u00e7a do secret\u00e1rio-executivo de Ressocializa\u00e7\u00e3o, C\u00edcero Rodrigues.<\/div>\n<div style=\"background-color: white; box-sizing: border-box; line-height: 24px; margin-bottom: 10px; text-align: justify;\">\nAp\u00f3s seis meses em obra, a antiga enfermaria foi transformada em um setor para atendimentos cl\u00ednicos e de enfermagem numa \u00e1rea de 70 metros quadrados. Doze reeducandos reformaram o espa\u00e7o que ganhou condicionadores de ar, mobili\u00e1rios e materiais m\u00e9dico-hospitalares novos.<\/div>\n<div style=\"background-color: white; box-sizing: border-box; line-height: 24px; margin-bottom: 10px; text-align: justify;\">\nUma equipe composta por m\u00e9dico, enfermeiro, t\u00e9cnico de enfermagem, odont\u00f3logo, assistente social, psic\u00f3logo e farmac\u00eautico, oferece \u00e0s pessoas privadas de liberdade consultas de rotina e atendimentos de urg\u00eancia, de segunda a sexta-feira, das 8h \u00e0s 17h, al\u00e9m de testes r\u00e1pidos, curativos e entrega de medica\u00e7\u00f5es. A reforma foi realizada com a m\u00e3o de obra carcer\u00e1ria e colabora\u00e7\u00e3o de parceiros.<\/div>\n","protected":false},"excerpt":{"rendered":"<p>A Secretaria de Justi\u00e7a e Direitos Humanos, atrav\u00e9s da Executiva de Ressocializa\u00e7\u00e3o (Seres), inaugurou nesta quarta-feira (19) o Setor de&hellip;<\/p>\n","protected":false},"author":1,"featured_media":0,"comment_status":"open","ping_status":"open","sticky":false,"template":"","format":"standard","meta":{"footnotes":""},"categories":[1],"tags":[2,1231,6,1232,1233],"class_list":["post-1273","post","type-post","status-publish","format-standard","hentry","category-sem-categoria","tag-blog-do-edvaldo-magalhaes","tag-cicero-rodrigues","tag-noticias","tag-paulo-paes","tag-setor-de-saude-e-inaugurado-na-penitenciaria-de-caruaru"],"_links":{"self":[{"href":"https:\/\/blogdoedvaldomagalhaes.com.br\/index.php\/wp-json\/wp\/v2\/posts\/1273","targetHints":{"allow":["GET"]}}],"collection":[{"href":"https:\/\/blogdoedvaldomagalhaes.com.br\/index.php\/wp-json\/wp\/v2\/posts"}],"about":[{"href":"https:\/\/blogdoedvaldomagalhaes.com.br\/index.php\/wp-json\/wp\/v2\/types\/post"}],"author":[{"embeddable":true,"href":"https:\/\/blogdoedvaldomagalhaes.com.br\/index.php\/wp-json\/wp\/v2\/users\/1"}],"replies":[{"embeddable":true,"href":"https:\/\/blogdoedvaldomagalhaes.com.br\/index.php\/wp-json\/wp\/v2\/comments?post=1273"}],"version-history":[{"count":1,"href":"https:\/\/blogdoedvaldomagalhaes.com.br\/index.php\/wp-json\/wp\/v2\/posts\/1273\/revisions"}],"predecessor-version":[{"id":34179,"href":"https:\/\/blogdoedvaldomagalhaes.com.br\/index.php\/wp-json\/wp\/v2\/posts\/1273\/revisions\/34179"}],"wp:attachment":[{"href":"https:\/\/blogdoedvaldomagalhaes.com.br\/index.php\/wp-json\/wp\/v2\/media?parent=1273"}],"wp:term":[{"taxonomy":"category","embeddable":true,"href":"https:\/\/blogdoedvaldomagalhaes.com.br\/index.php\/wp-json\/wp\/v2\/categories?post=1273"},{"taxonomy":"post_tag","embeddable":true,"href":"https:\/\/blogdoedvaldomagalhaes.com.br\/index.php\/wp-json\/wp\/v2\/tags?post=1273"}],"curies":[{"name":"wp","href":"https:\/\/api.w.org\/{rel}","templated":true}]}}