{"id":1271,"date":"2018-09-19T17:38:00","date_gmt":"2018-09-19T20:38:00","guid":{"rendered":"http:\/\/blogdoedvaldomagalhaes.com.br\/index.php\/2018\/09\/19\/escola-municipal-joel-pontes-e-entregue\/"},"modified":"2019-02-09T02:31:32","modified_gmt":"2019-02-09T04:31:32","slug":"escola-municipal-joel-pontes-e-entregue","status":"publish","type":"post","link":"https:\/\/blogdoedvaldomagalhaes.com.br\/index.php\/2018\/09\/19\/escola-municipal-joel-pontes-e-entregue\/","title":{"rendered":"Escola Municipal Joel Pontes \u00e9 entregue resqualificada"},"content":{"rendered":"<div class=\"separator\" style=\"clear: both; text-align: center;\">\n<a href=\"https:\/\/4.bp.blogspot.com\/-MQDvxusfIis\/W6KIvKPNAeI\/AAAAAAAA6M0\/5OlXPBwoEw0J5AdEPxF9BSoxzYWmJD2XACLcBGAs\/s1600\/escola.jpg\" imageanchor=\"1\" style=\"margin-left: 1em; margin-right: 1em;\"><img loading=\"lazy\" decoding=\"async\" border=\"0\" data-original-height=\"341\" data-original-width=\"512\" height=\"426\" src=\"http:\/\/blogdoedvaldomagalhaes.com.br\/wp-content\/uploads\/2018\/09\/escola.jpg\" width=\"640\" \/><\/a><\/div>\n<div style=\"text-align: center;\">\nFotos: Arnaldo F\u00e9lix\/Divulga\u00e7\u00e3o<\/div>\n<div style=\"text-align: center;\">\n<\/div>\n<div style=\"text-align: justify;\">\nNo final da tarde desta ter\u00e7a-feira (18), a prefeita Raquel Lyra reinaugurou a Escola Municipal Joel Pontes, no Bairro Santa Rosa. Cerca de 550 estudantes est\u00e3o matriculados na unidade de ensino e j\u00e1 podem desfrutar de nova estrutura f\u00edsica. O pr\u00e9dio, que estava deteriorado e sem condi\u00e7\u00f5es de acolher os discentes, foi reformado, ampliado e agora tamb\u00e9m disp\u00f5e de equipamentos e mobili\u00e1rios novos. O investimento foi em torno de R$ 1 milh\u00e3o.<\/div>\n<div style=\"text-align: justify;\">\n<\/div>\n<div class=\"separator\" style=\"clear: both; text-align: center;\">\n<a href=\"https:\/\/4.bp.blogspot.com\/-NpbtXjPLGHY\/W6KI7us3g8I\/AAAAAAAA6M4\/57qEh5TT_L4dCDYiorDY1ZtEyC0VMf--QCLcBGAs\/s1600\/1.jpg\" imageanchor=\"1\" style=\"margin-left: 1em; margin-right: 1em;\"><img loading=\"lazy\" decoding=\"async\" border=\"0\" data-original-height=\"341\" data-original-width=\"512\" height=\"426\" src=\"http:\/\/blogdoedvaldomagalhaes.com.br\/wp-content\/uploads\/2018\/09\/1-5.jpg\" width=\"640\" \/><\/a><\/div>\n<p><\/p>\n<div class=\"separator\" style=\"clear: both; text-align: center;\">\n<a href=\"https:\/\/3.bp.blogspot.com\/--LpihLztAXQ\/W6KI8rdp5sI\/AAAAAAAA6M8\/DzR4HKMd99o0H6SYMZjja-MKeogQ4qKAwCLcBGAs\/s1600\/2.jpg\" imageanchor=\"1\" style=\"margin-left: 1em; margin-right: 1em;\"><img loading=\"lazy\" decoding=\"async\" border=\"0\" data-original-height=\"341\" data-original-width=\"512\" height=\"426\" src=\"http:\/\/blogdoedvaldomagalhaes.com.br\/wp-content\/uploads\/2018\/09\/2-7.jpg\" width=\"640\" \/><\/a><\/div>\n<div style=\"text-align: justify;\">\n<\/div>\n<div style=\"text-align: justify;\">\nA unidade educacional acolhe estudantes desde o Ensino Fundamental I e II at\u00e9 a modalidade da Educa\u00e7\u00e3o de Jovens e Adultos (EJA).&nbsp;<\/div>\n<div style=\"text-align: justify;\">\n<\/div>\n<div class=\"separator\" style=\"clear: both; text-align: center;\">\n<a href=\"https:\/\/1.bp.blogspot.com\/-GzZ3OT1RRo0\/W6KJCTUB0nI\/AAAAAAAA6NE\/Tfjbii-xMRgWgJrHUJ3HURn0Lm-PGFVoQCLcBGAs\/s1600\/3.jpg\" imageanchor=\"1\" style=\"margin-left: 1em; margin-right: 1em;\"><img loading=\"lazy\" decoding=\"async\" border=\"0\" data-original-height=\"341\" data-original-width=\"512\" height=\"426\" src=\"http:\/\/blogdoedvaldomagalhaes.com.br\/wp-content\/uploads\/2018\/09\/3-5.jpg\" width=\"640\" \/><\/a><\/div>\n<div style=\"text-align: justify;\">\n<\/div>\n<div style=\"text-align: justify;\">\nA requalifica\u00e7\u00e3o da Escola Joel Pontes abarcou desde as salas de aula, cozinha, refeit\u00f3rio, bateria de banheiros, incluindo banheiros acess\u00edveis at\u00e9 o laborat\u00f3rio de inform\u00e1tica, sala multifuncional, biblioteca, horta e escov\u00f3dromo, entre outros benef\u00edcios para os estudantes e professores.<\/div>\n<div style=\"text-align: justify;\">\n<\/div>\n<div class=\"separator\" style=\"clear: both; text-align: center;\">\n<a href=\"https:\/\/1.bp.blogspot.com\/-GHpEHLebQfg\/W6KJGivRpuI\/AAAAAAAA6NI\/ns79JuvgyeQN-hSnY2nzcvungibDoWDCACLcBGAs\/s1600\/4.jpg\" imageanchor=\"1\" style=\"margin-left: 1em; margin-right: 1em;\"><img loading=\"lazy\" decoding=\"async\" border=\"0\" data-original-height=\"338\" data-original-width=\"512\" height=\"420\" src=\"http:\/\/blogdoedvaldomagalhaes.com.br\/wp-content\/uploads\/2018\/09\/4-2.jpg\" width=\"640\" \/><\/a><\/div>\n<div style=\"text-align: justify;\">\n<\/div>\n<div style=\"text-align: justify;\">\n<\/div>\n","protected":false},"excerpt":{"rendered":"<p>Fotos: Arnaldo F\u00e9lix\/Divulga\u00e7\u00e3o No final da tarde desta ter\u00e7a-feira (18), a prefeita Raquel Lyra reinaugurou a Escola Municipal Joel Pontes,&hellip;<\/p>\n","protected":false},"author":1,"featured_media":0,"comment_status":"open","ping_status":"open","sticky":false,"template":"","format":"standard","meta":{"footnotes":""},"categories":[1],"tags":[2,1228,20,1229],"class_list":["post-1271","post","type-post","status-publish","format-standard","hentry","category-sem-categoria","tag-blog-do-edvaldo-magalhaes","tag-escola-municipal-joel-pontes-e-entregue-requalificada","tag-politica","tag-raquel-lyra"],"_links":{"self":[{"href":"https:\/\/blogdoedvaldomagalhaes.com.br\/index.php\/wp-json\/wp\/v2\/posts\/1271","targetHints":{"allow":["GET"]}}],"collection":[{"href":"https:\/\/blogdoedvaldomagalhaes.com.br\/index.php\/wp-json\/wp\/v2\/posts"}],"about":[{"href":"https:\/\/blogdoedvaldomagalhaes.com.br\/index.php\/wp-json\/wp\/v2\/types\/post"}],"author":[{"embeddable":true,"href":"https:\/\/blogdoedvaldomagalhaes.com.br\/index.php\/wp-json\/wp\/v2\/users\/1"}],"replies":[{"embeddable":true,"href":"https:\/\/blogdoedvaldomagalhaes.com.br\/index.php\/wp-json\/wp\/v2\/comments?post=1271"}],"version-history":[{"count":1,"href":"https:\/\/blogdoedvaldomagalhaes.com.br\/index.php\/wp-json\/wp\/v2\/posts\/1271\/revisions"}],"predecessor-version":[{"id":34187,"href":"https:\/\/blogdoedvaldomagalhaes.com.br\/index.php\/wp-json\/wp\/v2\/posts\/1271\/revisions\/34187"}],"wp:attachment":[{"href":"https:\/\/blogdoedvaldomagalhaes.com.br\/index.php\/wp-json\/wp\/v2\/media?parent=1271"}],"wp:term":[{"taxonomy":"category","embeddable":true,"href":"https:\/\/blogdoedvaldomagalhaes.com.br\/index.php\/wp-json\/wp\/v2\/categories?post=1271"},{"taxonomy":"post_tag","embeddable":true,"href":"https:\/\/blogdoedvaldomagalhaes.com.br\/index.php\/wp-json\/wp\/v2\/tags?post=1271"}],"curies":[{"name":"wp","href":"https:\/\/api.w.org\/{rel}","templated":true}]}}