{"id":1270,"date":"2018-09-19T20:25:00","date_gmt":"2018-09-19T23:25:00","guid":{"rendered":"http:\/\/blogdoedvaldomagalhaes.com.br\/index.php\/2018\/09\/19\/inocente-pai-acusado-injustamente-de\/"},"modified":"2019-02-09T02:31:38","modified_gmt":"2019-02-09T04:31:38","slug":"inocente-pai-acusado-injustamente-de","status":"publish","type":"post","link":"https:\/\/blogdoedvaldomagalhaes.com.br\/index.php\/2018\/09\/19\/inocente-pai-acusado-injustamente-de\/","title":{"rendered":"Inocente: Pai acusado injustamente de estuprar beb\u00ea de 3 meses \u00e9 liberado da penitenci\u00e1ria"},"content":{"rendered":"<div class=\"separator\" style=\"clear: both; text-align: center;\">\n<a href=\"https:\/\/2.bp.blogspot.com\/-1KXWfpiWgYE\/W6KwGolD2GI\/AAAAAAAA6OY\/etCBcdC_UCsUL2LvTcmuWDVvG4rDCOeXQCLcBGAs\/s1600\/IMG-20180919-WA0141.jpg\" imageanchor=\"1\" style=\"margin-left: 1em; margin-right: 1em;\"><img loading=\"lazy\" decoding=\"async\" border=\"0\" data-original-height=\"1040\" data-original-width=\"584\" height=\"640\" src=\"http:\/\/blogdoedvaldomagalhaes.com.br\/wp-content\/uploads\/2018\/09\/IMG-20180919-WA0141.jpg\" width=\"356\" \/><\/a><\/div>\n<p><\/p>\n<div style=\"text-align: justify;\">\nJos\u00e9 Ferreira de Lima, de 39 anos, foi acusado injustamente de ter estuprado o pr\u00f3prio filho de apenas tr\u00eas meses de idade, sendo liberado da Penitenci\u00e1ria Juiz Pl\u00e1cido de Souza (PJPS), na tarde desta quarta-feira (19), ap\u00f3s ser provada a inoc\u00eancia dele. A v\u00edtima da acusa\u00e7\u00e3o infundada agora quer justi\u00e7a.&nbsp;<\/p>\n<p>O exame sexol\u00f3gico feito no beb\u00ea de tr\u00eas meses n\u00e3o confirmou o estupro, segundo o delegado Alberes Costa. O resultado, saiu nessa segunda-feira (17), e confirmou que a crian\u00e7a n\u00e3o sofreu nenhum tipo de abuso sexual.<\/p>\n<\/div>\n<div class=\"separator\" style=\"clear: both; text-align: center;\">\n<a href=\"https:\/\/3.bp.blogspot.com\/-nu_wJ__sGtQ\/W6KwJjKjv9I\/AAAAAAAA6Oc\/Rz6Ziv2dkn0teLZgjNBhGuUMW9Cm062yQCLcBGAs\/s1600\/IMG-20180919-WA0143.jpg\" imageanchor=\"1\" style=\"margin-left: 1em; margin-right: 1em;\"><img loading=\"lazy\" decoding=\"async\" border=\"0\" data-original-height=\"584\" data-original-width=\"1040\" height=\"356\" src=\"http:\/\/blogdoedvaldomagalhaes.com.br\/wp-content\/uploads\/2018\/09\/IMG-20180919-WA0143.jpg\" width=\"640\" \/><\/a><\/div>\n<p><\/p>\n<div style=\"text-align: justify;\">\nO caso aconteceu na \u00faltima ter\u00e7a-feira (11\/09\/18), no bairro Riach\u00e3o, em Caruaru. \u00c0 Pol\u00edcia Civil, a m\u00e3e da crian\u00e7a disse que o poss\u00edvel crime ocorreu enquanto ela tomava banho. O pai do menino, suspeito de cometer o crime, chegou a ser preso.<\/div>\n<div style=\"text-align: justify;\">\n<\/div>\n<div style=\"text-align: justify;\">\nEmbora o suspeito tivesse negado ter cometido o crime, ele foi autuado por estupro de vulner\u00e1vel e passou pela audi\u00eancia de cust\u00f3dia na \u00faltima quarta-feira (12). O beb\u00ea foi encaminhado para exame sexol\u00f3gico no Instituto de Medicina Legal (IML), que n\u00e3o comprovou o estupro.&nbsp;&nbsp;<\/div>\n<p><\/p>\n<div class=\"separator\" style=\"clear: both; text-align: center;\">\n<a href=\"https:\/\/1.bp.blogspot.com\/-wxiFnfOSkjc\/W6KwLnxY8zI\/AAAAAAAA6Og\/idWROSeaHKUs1b3LVGAXCd-tyIIeqRN9QCLcBGAs\/s1600\/IMG-20180919-WA0142.jpg\" imageanchor=\"1\" style=\"margin-left: 1em; margin-right: 1em;\"><img loading=\"lazy\" decoding=\"async\" border=\"0\" data-original-height=\"1153\" data-original-width=\"1280\" height=\"574\" src=\"http:\/\/blogdoedvaldomagalhaes.com.br\/wp-content\/uploads\/2018\/09\/IMG-20180919-WA0142.jpg\" width=\"640\" \/><\/a><\/div>\n<p><\/p>\n","protected":false},"excerpt":{"rendered":"<p>Jos\u00e9 Ferreira de Lima, de 39 anos, foi acusado injustamente de ter estuprado o pr\u00f3prio filho de apenas tr\u00eas meses&hellip;<\/p>\n","protected":false},"author":1,"featured_media":0,"comment_status":"open","ping_status":"open","sticky":false,"template":"","format":"standard","meta":{"footnotes":""},"categories":[1],"tags":[2,1227,13],"class_list":["post-1270","post","type-post","status-publish","format-standard","hentry","category-sem-categoria","tag-blog-do-edvaldo-magalhaes","tag-inocente-pai-acusado-injustamente-de-estuprar-bebe-de-3-meses-e-liberado-da-penitenciaria","tag-policial"],"_links":{"self":[{"href":"https:\/\/blogdoedvaldomagalhaes.com.br\/index.php\/wp-json\/wp\/v2\/posts\/1270","targetHints":{"allow":["GET"]}}],"collection":[{"href":"https:\/\/blogdoedvaldomagalhaes.com.br\/index.php\/wp-json\/wp\/v2\/posts"}],"about":[{"href":"https:\/\/blogdoedvaldomagalhaes.com.br\/index.php\/wp-json\/wp\/v2\/types\/post"}],"author":[{"embeddable":true,"href":"https:\/\/blogdoedvaldomagalhaes.com.br\/index.php\/wp-json\/wp\/v2\/users\/1"}],"replies":[{"embeddable":true,"href":"https:\/\/blogdoedvaldomagalhaes.com.br\/index.php\/wp-json\/wp\/v2\/comments?post=1270"}],"version-history":[{"count":1,"href":"https:\/\/blogdoedvaldomagalhaes.com.br\/index.php\/wp-json\/wp\/v2\/posts\/1270\/revisions"}],"predecessor-version":[{"id":34191,"href":"https:\/\/blogdoedvaldomagalhaes.com.br\/index.php\/wp-json\/wp\/v2\/posts\/1270\/revisions\/34191"}],"wp:attachment":[{"href":"https:\/\/blogdoedvaldomagalhaes.com.br\/index.php\/wp-json\/wp\/v2\/media?parent=1270"}],"wp:term":[{"taxonomy":"category","embeddable":true,"href":"https:\/\/blogdoedvaldomagalhaes.com.br\/index.php\/wp-json\/wp\/v2\/categories?post=1270"},{"taxonomy":"post_tag","embeddable":true,"href":"https:\/\/blogdoedvaldomagalhaes.com.br\/index.php\/wp-json\/wp\/v2\/tags?post=1270"}],"curies":[{"name":"wp","href":"https:\/\/api.w.org\/{rel}","templated":true}]}}