{"id":1267,"date":"2018-09-20T10:28:00","date_gmt":"2018-09-20T13:28:00","guid":{"rendered":"http:\/\/blogdoedvaldomagalhaes.com.br\/index.php\/2018\/09\/20\/sesc-caruaru-apresenta-musical-colheita\/"},"modified":"2019-02-09T02:31:39","modified_gmt":"2019-02-09T04:31:39","slug":"sesc-caruaru-apresenta-musical-colheita","status":"publish","type":"post","link":"https:\/\/blogdoedvaldomagalhaes.com.br\/index.php\/2018\/09\/20\/sesc-caruaru-apresenta-musical-colheita\/","title":{"rendered":"Sesc Caruaru apresenta musical \u201cA Colheita\u201d nesta sexta (21)"},"content":{"rendered":"<div class=\"separator\" style=\"clear: both; text-align: center;\">\n<\/div>\n<div class=\"separator\" style=\"clear: both; text-align: center;\">\n<a href=\"https:\/\/4.bp.blogspot.com\/-g8gm73gT9p0\/W6N1-kHjdRI\/AAAAAAAA6PY\/oma5qziKrWc6Ibs48Kd77JozCe6OGZUVgCLcBGAs\/s1600\/sesc.jpg\" imageanchor=\"1\" style=\"margin-left: 1em; margin-right: 1em;\"><img loading=\"lazy\" decoding=\"async\" border=\"0\" data-original-height=\"667\" data-original-width=\"1000\" height=\"426\" src=\"http:\/\/blogdoedvaldomagalhaes.com.br\/wp-content\/uploads\/2018\/09\/sesc-2.jpg\" width=\"640\" \/><\/a><\/div>\n<div class=\"separator\" style=\"clear: both; text-align: center;\">\n<\/div>\n<div class=\"separator\" style=\"clear: both; text-align: justify;\">\nNesta sexta (21\/9), o Sesc Caruaru receber\u00e1 o musical \u201cA Colheita\u201d. A apresenta\u00e7\u00e3o \u00e9 encenada pelo Coral Canto Livre, grupo art\u00edstico da Unidade, e tem o principal objetivo de fazer as pessoas refletirem sobre as suas atitudes, com \u00eanfase na sustentabilidade. A apresenta\u00e7\u00e3o \u00e9 gratuita e acontece no Teatro Rui Limeira Rosal, a partir das 15h. O equipamento fica localizado na Rua Rui Limeira Rosal, s\/n, no Bairro Petr\u00f3polis.<\/div>\n<div class=\"separator\" style=\"clear: both; text-align: justify;\">\n<\/div>\n<div class=\"separator\" style=\"clear: both; text-align: justify;\">\nCom dire\u00e7\u00e3o do instrutor de atividades art\u00edsticas do Sesc Caruaru, Edson Pedro da Silva, o musical \u00e9 um trabalho autoral com m\u00fasicas de Vona Vallente e de Edson. O guardi\u00e3o da natureza (Vona Vallente), depois de suas andan\u00e7as mundo afora, encontra-se adormecido, mas come\u00e7a a se levantar com o barulho de pessoas, machado e arma de fogo na mata. O mesmo fica indignado com o que v\u00ea e rodopia sua capa chamando aten\u00e7\u00e3o de todos. As pessoas ficam assustadas tentando entender o que est\u00e1 acontecendo. Nesse momento, o guardi\u00e3o coloca sua capa em destaque transformando-a em um personagem que representa a natureza que sofreu abusos, mas que ainda resiste. Em seguida, come\u00e7a a cantar implorando ao divino para que as pessoas mudem suas atitudes.<\/div>\n<div class=\"separator\" style=\"clear: both; text-align: justify;\">\n<\/div>\n<div class=\"separator\" style=\"clear: both; text-align: justify;\">\n\u201cO p\u00fablico ser\u00e1 sensibilizado e, ao mesmo tempo, participar\u00e1 de uma conta\u00e7\u00e3o de hist\u00f3ria que relata, principalmente, abusos cometidos pelo homem, contradi\u00e7\u00f5es do pensamento humano, a\u00e7\u00f5es que podem ajudar na preserva\u00e7\u00e3o do meio ambiente e tamb\u00e9m de contempla\u00e7\u00e3o a vida\u201d, explica o diretor Silva.<\/div>\n<div class=\"separator\" style=\"clear: both; text-align: justify;\">\n<\/div>\n","protected":false},"excerpt":{"rendered":"<p>Nesta sexta (21\/9), o Sesc Caruaru receber\u00e1 o musical \u201cA Colheita\u201d. A apresenta\u00e7\u00e3o \u00e9 encenada pelo Coral Canto Livre, grupo&hellip;<\/p>\n","protected":false},"author":1,"featured_media":0,"comment_status":"open","ping_status":"open","sticky":false,"template":"","format":"standard","meta":{"footnotes":""},"categories":[1],"tags":[2,6,1224],"class_list":["post-1267","post","type-post","status-publish","format-standard","hentry","category-sem-categoria","tag-blog-do-edvaldo-magalhaes","tag-noticias","tag-sesc-caruaru-apresenta-musical-a-colheita-nesta-sexta-21"],"_links":{"self":[{"href":"https:\/\/blogdoedvaldomagalhaes.com.br\/index.php\/wp-json\/wp\/v2\/posts\/1267","targetHints":{"allow":["GET"]}}],"collection":[{"href":"https:\/\/blogdoedvaldomagalhaes.com.br\/index.php\/wp-json\/wp\/v2\/posts"}],"about":[{"href":"https:\/\/blogdoedvaldomagalhaes.com.br\/index.php\/wp-json\/wp\/v2\/types\/post"}],"author":[{"embeddable":true,"href":"https:\/\/blogdoedvaldomagalhaes.com.br\/index.php\/wp-json\/wp\/v2\/users\/1"}],"replies":[{"embeddable":true,"href":"https:\/\/blogdoedvaldomagalhaes.com.br\/index.php\/wp-json\/wp\/v2\/comments?post=1267"}],"version-history":[{"count":1,"href":"https:\/\/blogdoedvaldomagalhaes.com.br\/index.php\/wp-json\/wp\/v2\/posts\/1267\/revisions"}],"predecessor-version":[{"id":34197,"href":"https:\/\/blogdoedvaldomagalhaes.com.br\/index.php\/wp-json\/wp\/v2\/posts\/1267\/revisions\/34197"}],"wp:attachment":[{"href":"https:\/\/blogdoedvaldomagalhaes.com.br\/index.php\/wp-json\/wp\/v2\/media?parent=1267"}],"wp:term":[{"taxonomy":"category","embeddable":true,"href":"https:\/\/blogdoedvaldomagalhaes.com.br\/index.php\/wp-json\/wp\/v2\/categories?post=1267"},{"taxonomy":"post_tag","embeddable":true,"href":"https:\/\/blogdoedvaldomagalhaes.com.br\/index.php\/wp-json\/wp\/v2\/tags?post=1267"}],"curies":[{"name":"wp","href":"https:\/\/api.w.org\/{rel}","templated":true}]}}