{"id":1266,"date":"2018-09-20T10:32:00","date_gmt":"2018-09-20T13:32:00","guid":{"rendered":"http:\/\/blogdoedvaldomagalhaes.com.br\/index.php\/2018\/09\/20\/prefeitura-de-caruaru-promove-ii-foru\/"},"modified":"2019-02-09T02:31:39","modified_gmt":"2019-02-09T04:31:39","slug":"prefeitura-de-caruaru-promove-ii-foru","status":"publish","type":"post","link":"https:\/\/blogdoedvaldomagalhaes.com.br\/index.php\/2018\/09\/20\/prefeitura-de-caruaru-promove-ii-foru\/","title":{"rendered":"Prefeitura de Caruaru promove II F\u00f3rum de Preven\u00e7\u00e3o ao Suic\u00eddio"},"content":{"rendered":"<div class=\"separator\" style=\"clear: both; text-align: center;\">\n<a href=\"https:\/\/1.bp.blogspot.com\/-OQ8nbriuF1A\/W6N3JnWfCwI\/AAAAAAAA6Pk\/jJjAyiOf6_k6f_YICDJaQrTaDWibnvyqQCLcBGAs\/s1600\/sim.jpeg\" imageanchor=\"1\" style=\"margin-left: 1em; margin-right: 1em;\"><img loading=\"lazy\" decoding=\"async\" border=\"0\" data-original-height=\"1280\" data-original-width=\"914\" height=\"640\" src=\"http:\/\/blogdoedvaldomagalhaes.com.br\/wp-content\/uploads\/2018\/09\/sim.jpeg\" width=\"452\" \/><\/a><\/div>\n<div style=\"text-align: justify;\">\n<\/div>\n<div style=\"text-align: justify;\">\nEm continuidade \u00e0s a\u00e7\u00f5es do Setembro Amarelo, nesta sexta-feira (21), a Prefeitura de Caruaru, atrav\u00e9s de um trabalho integrado e intersetorial entre as Secretarias de Desenvolvimento Social e Direitos Humanos (SDSDH), Sa\u00fade, Educa\u00e7\u00e3o e de Pol\u00edtica para Mulheres (SPM), estar\u00e1 promovendo o II F\u00f3rum de Combate e Preven\u00e7\u00e3o ao Suic\u00eddio. O evento ser\u00e1 no audit\u00f3rio da Unifavip Wyden, das 8h \u00e0s 12h, e tem como p\u00fablico-alvo psic\u00f3logos, pedagogos, assistentes sociais e acad\u00eamicos.<\/div>\n<div style=\"text-align: justify;\">\n<\/div>\n<div style=\"text-align: justify;\">\nO tema suic\u00eddio ser\u00e1 abordado sob os pontos de vista dos palestrantes convidados. Estar\u00e3o contribuindo para o debate a professora e psic\u00f3loga da Unifavip Wyden, Maria Dogiv\u00e2nia, e a m\u00e9dica e psiquiatra especialista em sa\u00fade p\u00fablica, Guanaira Rodrigues do Amaral, que atua na Secretaria de Sa\u00fade de Caruaru. Para finalizar o evento, os educadores f\u00edsicos e propriet\u00e1rios do Centro de Treinamento Action Mais, Maur\u00edcio Magalh\u00e3es e Bruno Souza ir\u00e3o abordar a import\u00e2ncia da atividade f\u00edsica no tratamento da depress\u00e3o.&nbsp;<\/div>\n<div style=\"text-align: justify;\">\n<\/div>\n<div style=\"text-align: justify;\">\nA programa\u00e7\u00e3o do Setembro Amarelo em Caruaru iniciou no \u00faltimo dia cinco com rodas de di\u00e1logos nos Centros de Refer\u00eancia de Assist\u00eancia Social (CRAS), envolvendo as comunidades para debater sobre preven\u00e7\u00e3o ao suic\u00eddio com os usu\u00e1rios de programas sociais como \u201cLeite para Todos\u201d e \u201cCad\u00danico\u201d. J\u00e1 teve panfletagem no centro e na noite desta ter\u00e7a-feira (18) foi promovido uma roda de di\u00e1logo no audit\u00f3rio da SPM com o intuito de refletir sobre os altos \u00edndices de suic\u00eddio que atingem a popula\u00e7\u00e3o LGBT.<\/div>\n<div style=\"text-align: justify;\">\n<\/div>\n<div style=\"text-align: justify;\">\n<b>A import\u00e2ncia de se promover o di\u00e1logo<\/b><\/div>\n<div style=\"text-align: justify;\">\n<\/div>\n<div style=\"text-align: justify;\">\nDe acordo com dados do Centro de Valoriza\u00e7\u00e3o da Vida (CVV), dos 32 suic\u00eddios que ocorrem diariamente no Brasil, a m\u00e9dia de uma morte a cada 45 minutos \u00e9 algo que pode ser reduzido. O assunto que j\u00e1 foi um tabu muito maior, ainda enfrenta grandes dificuldades na identifica\u00e7\u00e3o de sinais, oferta e busca por ajuda, justamente pelos preconceitos e falta de informa\u00e7\u00e3o, por isso a import\u00e2ncia de se promover a\u00e7\u00f5es que busquem trazer o di\u00e1logo sobre o suic\u00eddio para a sociedade.<\/div>\n<div style=\"text-align: justify;\">\n<\/div>\n","protected":false},"excerpt":{"rendered":"<p>Em continuidade \u00e0s a\u00e7\u00f5es do Setembro Amarelo, nesta sexta-feira (21), a Prefeitura de Caruaru, atrav\u00e9s de um trabalho integrado e&hellip;<\/p>\n","protected":false},"author":1,"featured_media":0,"comment_status":"open","ping_status":"open","sticky":false,"template":"","format":"standard","meta":{"footnotes":""},"categories":[1],"tags":[2,6,1223],"class_list":["post-1266","post","type-post","status-publish","format-standard","hentry","category-sem-categoria","tag-blog-do-edvaldo-magalhaes","tag-noticias","tag-prefeitura-de-caruaru-promove-ii-forum-de-prevencao-ao-suicidio"],"_links":{"self":[{"href":"https:\/\/blogdoedvaldomagalhaes.com.br\/index.php\/wp-json\/wp\/v2\/posts\/1266","targetHints":{"allow":["GET"]}}],"collection":[{"href":"https:\/\/blogdoedvaldomagalhaes.com.br\/index.php\/wp-json\/wp\/v2\/posts"}],"about":[{"href":"https:\/\/blogdoedvaldomagalhaes.com.br\/index.php\/wp-json\/wp\/v2\/types\/post"}],"author":[{"embeddable":true,"href":"https:\/\/blogdoedvaldomagalhaes.com.br\/index.php\/wp-json\/wp\/v2\/users\/1"}],"replies":[{"embeddable":true,"href":"https:\/\/blogdoedvaldomagalhaes.com.br\/index.php\/wp-json\/wp\/v2\/comments?post=1266"}],"version-history":[{"count":1,"href":"https:\/\/blogdoedvaldomagalhaes.com.br\/index.php\/wp-json\/wp\/v2\/posts\/1266\/revisions"}],"predecessor-version":[{"id":34199,"href":"https:\/\/blogdoedvaldomagalhaes.com.br\/index.php\/wp-json\/wp\/v2\/posts\/1266\/revisions\/34199"}],"wp:attachment":[{"href":"https:\/\/blogdoedvaldomagalhaes.com.br\/index.php\/wp-json\/wp\/v2\/media?parent=1266"}],"wp:term":[{"taxonomy":"category","embeddable":true,"href":"https:\/\/blogdoedvaldomagalhaes.com.br\/index.php\/wp-json\/wp\/v2\/categories?post=1266"},{"taxonomy":"post_tag","embeddable":true,"href":"https:\/\/blogdoedvaldomagalhaes.com.br\/index.php\/wp-json\/wp\/v2\/tags?post=1266"}],"curies":[{"name":"wp","href":"https:\/\/api.w.org\/{rel}","templated":true}]}}