{"id":1264,"date":"2018-09-20T15:46:00","date_gmt":"2018-09-20T18:46:00","guid":{"rendered":"http:\/\/blogdoedvaldomagalhaes.com.br\/index.php\/2018\/09\/20\/valor-da-cesta-basica-registra-segunda\/"},"modified":"2019-02-09T02:31:40","modified_gmt":"2019-02-09T04:31:40","slug":"valor-da-cesta-basica-registra-segunda","status":"publish","type":"post","link":"https:\/\/blogdoedvaldomagalhaes.com.br\/index.php\/2018\/09\/20\/valor-da-cesta-basica-registra-segunda\/","title":{"rendered":"Valor da cesta b\u00e1sica registra segunda queda consecutiva em Caruaru"},"content":{"rendered":"<div class=\"separator\" style=\"clear: both; text-align: center;\">\n<a href=\"https:\/\/2.bp.blogspot.com\/-X8TCOGRrBdw\/W6PApXuB2rI\/AAAAAAAA6QA\/g3VJViiStRgVj7AHO3biUs0Egs-FG28gwCLcBGAs\/s1600\/leno.jpg\" imageanchor=\"1\" style=\"margin-left: 1em; margin-right: 1em;\"><img loading=\"lazy\" decoding=\"async\" border=\"0\" data-original-height=\"432\" data-original-width=\"768\" height=\"180\" src=\"http:\/\/blogdoedvaldomagalhaes.com.br\/wp-content\/uploads\/2018\/09\/leno.jpg\" width=\"320\" \/><\/a><\/div>\n<div class=\"separator\" style=\"clear: both; text-align: center;\">\nFoto: Helenivaldo Pereira\/R\u00e1dio Liberdade<\/div>\n<div class=\"separator\" style=\"clear: both; text-align: center;\">\n<\/div>\n<div style=\"background-color: white; box-sizing: border-box; line-height: 24px; margin-bottom: 10px; text-align: justify;\">\nDe acordo com pesquisa mensal feita por alunos de Ci\u00eancias Cont\u00e1beis e Gest\u00e3o Financeira do Centro Universit\u00e1rio UniFavip|Wyden, em agosto, o valor da cesta b\u00e1sica em Caruaru apresentou, pelo segundo m\u00eas consecutivo, uma redu\u00e7\u00e3o, seguindo a tend\u00eancia nacional. O custo da alimenta\u00e7\u00e3o b\u00e1sica do caruaruense teve uma queda de 2,88% em seu valor total, chegando a custar R$ 242,23.<\/div>\n<div style=\"background-color: white; box-sizing: border-box; line-height: 24px; margin-bottom: 10px; text-align: justify;\">\nSegundo a professora Eliane Alves, respons\u00e1vel pela pesquisa, os itens que mais contribu\u00edram para a redu\u00e7\u00e3o da cesta b\u00e1sica foram o tomate, o leite e a farinha. J\u00e1 o caf\u00e9, a margarina e a banana registraram alta. A cesta b\u00e1sica de Caruaru continuou apresentando um valor menor que a de Recife, seguindo a tend\u00eancia dos meses anteriores. A diferen\u00e7a entre as cestas foi de R$ 97,91.<\/div>\n<div style=\"background-color: white; box-sizing: border-box; line-height: 24px; margin-bottom: 10px; text-align: justify;\">\nO comportamento dos pre\u00e7os dos g\u00eaneros aliment\u00edcios foi de queda em 17 das 20 capitais onde o DIEESE \u2013 Departamento Intersindical de Estat\u00edstica e Estudos Socioecon\u00f4micos realizou a Pesquisa Nacional da Cesta B\u00e1sica.&nbsp;As maiores redu\u00e7\u00f5es foram registradas nas seguintes capitais: Porto Alegre, Jo\u00e3o Pessoa e Salvador. J\u00e1 as eleva\u00e7\u00f5es foram registradas em Florian\u00f3polis, Manaus e Aracaju. A cesta mais cara do Pa\u00eds foi a de S\u00e3o Paulo (R$ 432,81) e a cesta mais barata continua sendo a de Salvador (R$ 311,92).<\/div>\n<div style=\"background-color: white; box-sizing: border-box; line-height: 24px; margin-bottom: 10px; text-align: justify;\">\nA pesquisa mostrou ainda que, em agosto, considerando o sal\u00e1rio m\u00ednimo l\u00edquido, o trabalhador caruaruense desembolsou&nbsp;27,60%&nbsp;da sua renda apenas com as despesas de alimenta\u00e7\u00e3o. De acordo com o Minist\u00e9rio do Trabalho, ao considerarmos que a jornada oficial de trabalho \u00e9 de 220 horas mensais, o trabalhador de Caruaru, no m\u00eas passado, precisou trabalhar 56 horas e 26 minutos para pagar o valor apresentado pela cesta b\u00e1sica.<\/div>\n<div style=\"text-align: justify;\">\n<\/div>\n","protected":false},"excerpt":{"rendered":"<p>Foto: Helenivaldo Pereira\/R\u00e1dio Liberdade De acordo com pesquisa mensal feita por alunos de Ci\u00eancias Cont\u00e1beis e Gest\u00e3o Financeira do Centro&hellip;<\/p>\n","protected":false},"author":1,"featured_media":0,"comment_status":"open","ping_status":"open","sticky":false,"template":"","format":"standard","meta":{"footnotes":""},"categories":[1],"tags":[2,6,1221],"class_list":["post-1264","post","type-post","status-publish","format-standard","hentry","category-sem-categoria","tag-blog-do-edvaldo-magalhaes","tag-noticias","tag-valor-da-cesta-basica-registra-segunda-queda-consecutiva-em-caruaru"],"_links":{"self":[{"href":"https:\/\/blogdoedvaldomagalhaes.com.br\/index.php\/wp-json\/wp\/v2\/posts\/1264","targetHints":{"allow":["GET"]}}],"collection":[{"href":"https:\/\/blogdoedvaldomagalhaes.com.br\/index.php\/wp-json\/wp\/v2\/posts"}],"about":[{"href":"https:\/\/blogdoedvaldomagalhaes.com.br\/index.php\/wp-json\/wp\/v2\/types\/post"}],"author":[{"embeddable":true,"href":"https:\/\/blogdoedvaldomagalhaes.com.br\/index.php\/wp-json\/wp\/v2\/users\/1"}],"replies":[{"embeddable":true,"href":"https:\/\/blogdoedvaldomagalhaes.com.br\/index.php\/wp-json\/wp\/v2\/comments?post=1264"}],"version-history":[{"count":1,"href":"https:\/\/blogdoedvaldomagalhaes.com.br\/index.php\/wp-json\/wp\/v2\/posts\/1264\/revisions"}],"predecessor-version":[{"id":34203,"href":"https:\/\/blogdoedvaldomagalhaes.com.br\/index.php\/wp-json\/wp\/v2\/posts\/1264\/revisions\/34203"}],"wp:attachment":[{"href":"https:\/\/blogdoedvaldomagalhaes.com.br\/index.php\/wp-json\/wp\/v2\/media?parent=1264"}],"wp:term":[{"taxonomy":"category","embeddable":true,"href":"https:\/\/blogdoedvaldomagalhaes.com.br\/index.php\/wp-json\/wp\/v2\/categories?post=1264"},{"taxonomy":"post_tag","embeddable":true,"href":"https:\/\/blogdoedvaldomagalhaes.com.br\/index.php\/wp-json\/wp\/v2\/tags?post=1264"}],"curies":[{"name":"wp","href":"https:\/\/api.w.org\/{rel}","templated":true}]}}