{"id":126397,"date":"2026-01-27T22:08:44","date_gmt":"2026-01-28T01:08:44","guid":{"rendered":"https:\/\/blogdoedvaldomagalhaes.com.br\/?p=126397"},"modified":"2026-01-27T22:08:44","modified_gmt":"2026-01-28T01:08:44","slug":"aposentadoria-na-magistratura-da-perda-significativa-ao-suplicio-financeiro-por-jose-fernando-santos-de-souza-juiz-de-direito-aposentado-do-tjpe","status":"publish","type":"post","link":"https:\/\/blogdoedvaldomagalhaes.com.br\/index.php\/2026\/01\/27\/aposentadoria-na-magistratura-da-perda-significativa-ao-suplicio-financeiro-por-jose-fernando-santos-de-souza-juiz-de-direito-aposentado-do-tjpe\/","title":{"rendered":"Aposentadoria na Magistratura: Da Perda Significativa ao Supl\u00edcio Financeiro &#8211; Por Jos\u00e9 Fernando Santos de Souza, Ju\u00edz de Direito Aposentado do TJPE"},"content":{"rendered":"<p>H\u00e1 uma percep\u00e7\u00e3o equivocada na sociedade brasileira de que os magistrados se aposentam em condi\u00e7\u00f5es privilegiadas, usufruindo de benef\u00edcios extraordin\u00e1rios que os colocariam em situa\u00e7\u00e3o de conforto financeiro vital\u00edcio. Essa vis\u00e3o, alimentada por generaliza\u00e7\u00f5es e desconhecimento da realidade, n\u00e3o resiste a uma an\u00e1lise mais detida. A aposentadoria na magistratura, longe de representar um porto seguro, constitui, em verdade, uma travessia marcada por perdas substantivas que comprometem significativamente a renda familiar.<br \/>\nPara os magistrados que ingressaram na carreira antes da Emenda Constitucional n\u00ba 41\/2003, a aposentadoria ainda preserva dois pilares fundamentais: a paridade e a integralidade. A primeira assegura que os proventos acompanhem as revis\u00f5es concedidas aos servidores da ativa; a segunda garante que o valor inicial da aposentadoria corresponda \u00e0 \u00faltima remunera\u00e7\u00e3o. Contudo, mesmo para esse grupo, as perdas s\u00e3o consider\u00e1veis e merecem ser destacadas.<br \/>\nO abono de perman\u00eancia, institu\u00eddo justamente para estimular o servidor que j\u00e1 preencheu os requisitos para aposentadoria a continuar na ativa, funciona como uma esp\u00e9cie de &#8220;b\u00f4nus&#8221; pelo trabalho continuado. Ao exercer o direito \u00e0 aposentadoria, essa parcela simplesmente desaparece. O aux\u00edlio-alimenta\u00e7\u00e3o, embora de valor mais modesto, tamb\u00e9m n\u00e3o acompanha o magistrado na inatividade, representando mais uma subtra\u00e7\u00e3o na composi\u00e7\u00e3o remunerat\u00f3ria mensal. Somem-se a isso outras verbas de natureza indenizat\u00f3ria que n\u00e3o integram os proventos, e o resultado \u00e9 um &#8220;abismo&#8221; entre o que se recebia na atividade e o que passa a receber na aposentadoria.<br \/>\nSe para os magistrados que ingressaram antes de 2003 a aposentadoria j\u00e1 representa perdas significativas, para aqueles que entraram na carreira ap\u00f3s a Emenda Constitucional n\u00ba 41\/2003 o cen\u00e1rio que se avizinha \u00e9 de verdadeiro supl\u00edcio financeiro. N\u00e3o se trata de exagero ret\u00f3rico, mas de uma constata\u00e7\u00e3o matem\u00e1tica que deveria alarmar toda a categoria.<br \/>\nCom a nova sistem\u00e1tica previdenci\u00e1ria, esses magistrados est\u00e3o submetidos ao teto do Regime Geral de Previd\u00eancia Social (RGPS), atualmente fixado em R$ 7.786,02. Isso significa que, independentemente de terem recebido subs\u00eddios na casa dos trinta mil reais ao longo de d\u00e9cadas de jurisdi\u00e7\u00e3o, seus proventos de aposentadoria pelo regime pr\u00f3prio estar\u00e3o limitados a esse valor. A complementa\u00e7\u00e3o, para aqueles que aderiram ao regime de previd\u00eancia complementar (FUNPRESP ou equivalente), depender\u00e1 das contribui\u00e7\u00f5es realizadas ao longo da carreira e do desempenho dos investimentos do fundo.<br \/>\nA proje\u00e7\u00e3o \u00e9 desoladora: um magistrado que hoje recebe aproximadamente R$ 35.000,00 mensais poder\u00e1 ver sua renda reduzida para algo em torno de R$ 15.000,00 a R$ 20.000,00 na aposentadoria, considerando a soma do teto do RGPS com a complementa\u00e7\u00e3o da previd\u00eancia privada. Uma redu\u00e7\u00e3o que pode superar 50% da remunera\u00e7\u00e3o da ativa. Para quem organizou sua vida financeira, seus compromissos familiares, a educa\u00e7\u00e3o dos filhos e o padr\u00e3o de vida com base na remunera\u00e7\u00e3o integral, tal perspectiva \u00e9 devastadora.<br \/>\nDiante desse cen\u00e1rio, restam aos magistrados p\u00f3s-EC 41\/2003 basicamente duas alternativas para mitigar o impacto financeiro da aposentadoria. A primeira \u00e9 a ades\u00e3o consistente e maximizada \u00e0 previd\u00eancia complementar, com aportes adicionais sempre que poss\u00edvel, de modo a construir uma reserva que permita uma complementa\u00e7\u00e3o mais robusta. A segunda \u00e9 a constitui\u00e7\u00e3o de fontes alternativas de renda, seja por meio de investimentos, seja pela advocacia ap\u00f3s a aposentadoria (vedada durante a atividade), seja por outras atividades l\u00edcitas compat\u00edveis com a dignidade do cargo que ocuparam.<br \/>\n\u00c9 preciso, todavia, reconhecer que nem todos ter\u00e3o condi\u00e7\u00f5es de trilhar esses caminhos. Muitos magistrados, especialmente aqueles que atuam em comarcas do interior, com menor custo de vida mas tamb\u00e9m menores oportunidades de investimento e qualifica\u00e7\u00e3o complementar, chegar\u00e3o \u00e0 aposentadoria em condi\u00e7\u00f5es extremamente desfavor\u00e1veis. A categoria como um todo precisa despertar para essa realidade e buscar, por meio de suas associa\u00e7\u00f5es de classe, alternativas legislativas e administrativas que possam ao menos atenuar o impacto dessa transi\u00e7\u00e3o.<br \/>\nEm termos pessoais, ap\u00f3s mais de tr\u00eas d\u00e9cadas dedicadas \u00e0 magistratura pernambucana, n\u00e3o me arrependo da decis\u00e3o de ingressar na inatividade. A aposentadoria, mais cedo ou mais tarde, \u00e9 destino inevit\u00e1vel de todo servidor p\u00fablico. O que n\u00e3o se pode admitir \u00e9 que essa passagem seja tratada com a naturalidade de quem ignora o problema. Se para n\u00f3s, que entramos antes de 2003, as perdas j\u00e1 s\u00e3o gritantes, para os colegas mais jovens a aposentadoria, tal como est\u00e1 configurada, ser\u00e1 um verdadeiro calv\u00e1rio financeiro.<br \/>\nUrge que esse debate seja travado com seriedade, sem preconceitos e sem a demagogia que costuma contaminar qualquer discuss\u00e3o sobre remunera\u00e7\u00e3o de agentes p\u00fablicos. A magistratura brasileira \u00e9 essencial para a democracia e para o Estado de Direito. Seus integrantes dedicam a vida \u00e0 aplica\u00e7\u00e3o da Justi\u00e7a e merecem, ao final de suas carreiras, uma aposentadoria que preserve sua dignidade \u2014 n\u00e3o como privil\u00e9gio, mas como direito de quem serviu ao pa\u00eds com dedica\u00e7\u00e3o e responsabilidade.<br \/>\nCaruaru\/PE, janeiro de 2026.<br \/>\n_______________<br \/>\nJos\u00e9 Fernando Santos de Souza \u00e9 Juiz de Direito Aposentado do Tribunal de Justi\u00e7a de Pernambuco, com mais de 30 anos de experi\u00eancia na magistratura, tendo atuado por 18 anos como Juiz Titular da Vara da Fazenda P\u00fablica de Caruaru e por quase 7 anos como Juiz Regional da Inf\u00e2ncia e Juventude para 42 munic\u00edpios do Agreste. Atualmente, atua como advogado e consultor jur\u00eddico (OAB\/PE 68.040).<\/p>\n","protected":false},"excerpt":{"rendered":"<p>H\u00e1 uma percep\u00e7\u00e3o equivocada na sociedade brasileira de que os magistrados se aposentam em condi\u00e7\u00f5es privilegiadas, usufruindo de benef\u00edcios extraordin\u00e1rios&hellip;<\/p>\n","protected":false},"author":1,"featured_media":126398,"comment_status":"closed","ping_status":"open","sticky":false,"template":"","format":"standard","meta":{"footnotes":""},"categories":[14122],"tags":[13146,13961,20,34634],"class_list":["post-126397","post","type-post","status-publish","format-standard","has-post-thumbnail","hentry","category-politica","tag-blog-edvaldo-magalhaes","tag-jose-fernando-santos-de-souza","tag-politica","tag-portal-edvaldo-magalhaes"],"_links":{"self":[{"href":"https:\/\/blogdoedvaldomagalhaes.com.br\/index.php\/wp-json\/wp\/v2\/posts\/126397","targetHints":{"allow":["GET"]}}],"collection":[{"href":"https:\/\/blogdoedvaldomagalhaes.com.br\/index.php\/wp-json\/wp\/v2\/posts"}],"about":[{"href":"https:\/\/blogdoedvaldomagalhaes.com.br\/index.php\/wp-json\/wp\/v2\/types\/post"}],"author":[{"embeddable":true,"href":"https:\/\/blogdoedvaldomagalhaes.com.br\/index.php\/wp-json\/wp\/v2\/users\/1"}],"replies":[{"embeddable":true,"href":"https:\/\/blogdoedvaldomagalhaes.com.br\/index.php\/wp-json\/wp\/v2\/comments?post=126397"}],"version-history":[{"count":1,"href":"https:\/\/blogdoedvaldomagalhaes.com.br\/index.php\/wp-json\/wp\/v2\/posts\/126397\/revisions"}],"predecessor-version":[{"id":126399,"href":"https:\/\/blogdoedvaldomagalhaes.com.br\/index.php\/wp-json\/wp\/v2\/posts\/126397\/revisions\/126399"}],"wp:featuredmedia":[{"embeddable":true,"href":"https:\/\/blogdoedvaldomagalhaes.com.br\/index.php\/wp-json\/wp\/v2\/media\/126398"}],"wp:attachment":[{"href":"https:\/\/blogdoedvaldomagalhaes.com.br\/index.php\/wp-json\/wp\/v2\/media?parent=126397"}],"wp:term":[{"taxonomy":"category","embeddable":true,"href":"https:\/\/blogdoedvaldomagalhaes.com.br\/index.php\/wp-json\/wp\/v2\/categories?post=126397"},{"taxonomy":"post_tag","embeddable":true,"href":"https:\/\/blogdoedvaldomagalhaes.com.br\/index.php\/wp-json\/wp\/v2\/tags?post=126397"}],"curies":[{"name":"wp","href":"https:\/\/api.w.org\/{rel}","templated":true}]}}