{"id":126395,"date":"2026-01-27T21:56:09","date_gmt":"2026-01-28T00:56:09","guid":{"rendered":"https:\/\/blogdoedvaldomagalhaes.com.br\/?p=126395"},"modified":"2026-01-27T21:56:09","modified_gmt":"2026-01-28T00:56:09","slug":"meu-amigao-abre-espaco-no-marco-zero-para-quem-busca-um-novo-companheiro-de-quatro-patas","status":"publish","type":"post","link":"https:\/\/blogdoedvaldomagalhaes.com.br\/index.php\/2026\/01\/27\/meu-amigao-abre-espaco-no-marco-zero-para-quem-busca-um-novo-companheiro-de-quatro-patas\/","title":{"rendered":"Meu Amig\u00e3o abre espa\u00e7o no Marco Zero para quem busca um novo companheiro de quatro patas"},"content":{"rendered":"<p>Meu Amig\u00e3o abre espa\u00e7o no Marco Zero para quem busca um novo companheiro de quatro patas<br \/>\n_O projeto realizado nesta quarta (28) e quinta (29) re\u00fane dezenas de c\u00e3es e gatos para ado\u00e7\u00e3o respons\u00e1vel._<\/p>\n<p>O Marco Zero de Caruaru recebe nesta quarta-feira (28) e quinta (29) o projeto \u201cMeu Amig\u00e3o\u201d, que busca ado\u00e7\u00e3o respons\u00e1vel para os c\u00e3es e gatos resgatados pelo AME Animal. A a\u00e7\u00e3o acontece das 9h \u00e0s 14h e re\u00fane filhotes e adultos vacinados, vermifugados e com a castra\u00e7\u00e3o garantida.<\/p>\n<p>No local, s\u00e3o passadas orienta\u00e7\u00f5es veterin\u00e1rias de cuidados gerais para os novos tutores. Lembrando que a ado\u00e7\u00e3o \u00e9 permitida para maiores de 18 anos, que precisam apresentar documento pessoal, comprovante de resid\u00eancia e assinar um termo de responsabilidade pelo bem-estar do animal. Al\u00e9m, \u00e9 claro, de ter amor e carinho para cuidar do novo amigo de quatro patas.<\/p>\n<p>Os interessados tamb\u00e9m podem ir at\u00e9 ao AME Animal, na Av. R\u00e1dio Cultura do Nordeste, n\u00ba 1000, Indian\u00f3polis, de segunda a sexta das 8h \u00e0s 16h. Foi assim que a agente de turismo, Anna Valkiria, adotou o c\u00e3o Dick. \u201cEle estava com 4 meses e assim que a gente viu a foto dele no AME foi maravilhoso. Hoje ele est\u00e1 com a gente h\u00e1 3 meses, saud\u00e1vel, muito ativo, tomou as vitaminas e as vacinas. \u00c9 isso, adote por amor, adote com responsabilidade\u201d, ressaltou.<br \/>\nSiga o Instagram @portaledvaldomagalhaes<br \/>\nFoto: Divulga\u00e7\u00e3o <\/p>\n","protected":false},"excerpt":{"rendered":"<p>Meu Amig\u00e3o abre espa\u00e7o no Marco Zero para quem busca um novo companheiro de quatro patas _O projeto realizado nesta&hellip;<\/p>\n","protected":false},"author":1,"featured_media":122725,"comment_status":"closed","ping_status":"open","sticky":false,"template":"","format":"standard","meta":{"footnotes":""},"categories":[14120],"tags":[13146,35736,34634],"class_list":["post-126395","post","type-post","status-publish","format-standard","has-post-thumbnail","hentry","category-noticias","tag-blog-edvaldo-magalhaes","tag-meu-amigao-abre-espaco-no-marco-zero-para-quem-busca-um-novo-companheiro-de-quatro-patas","tag-portal-edvaldo-magalhaes"],"_links":{"self":[{"href":"https:\/\/blogdoedvaldomagalhaes.com.br\/index.php\/wp-json\/wp\/v2\/posts\/126395","targetHints":{"allow":["GET"]}}],"collection":[{"href":"https:\/\/blogdoedvaldomagalhaes.com.br\/index.php\/wp-json\/wp\/v2\/posts"}],"about":[{"href":"https:\/\/blogdoedvaldomagalhaes.com.br\/index.php\/wp-json\/wp\/v2\/types\/post"}],"author":[{"embeddable":true,"href":"https:\/\/blogdoedvaldomagalhaes.com.br\/index.php\/wp-json\/wp\/v2\/users\/1"}],"replies":[{"embeddable":true,"href":"https:\/\/blogdoedvaldomagalhaes.com.br\/index.php\/wp-json\/wp\/v2\/comments?post=126395"}],"version-history":[{"count":1,"href":"https:\/\/blogdoedvaldomagalhaes.com.br\/index.php\/wp-json\/wp\/v2\/posts\/126395\/revisions"}],"predecessor-version":[{"id":126396,"href":"https:\/\/blogdoedvaldomagalhaes.com.br\/index.php\/wp-json\/wp\/v2\/posts\/126395\/revisions\/126396"}],"wp:featuredmedia":[{"embeddable":true,"href":"https:\/\/blogdoedvaldomagalhaes.com.br\/index.php\/wp-json\/wp\/v2\/media\/122725"}],"wp:attachment":[{"href":"https:\/\/blogdoedvaldomagalhaes.com.br\/index.php\/wp-json\/wp\/v2\/media?parent=126395"}],"wp:term":[{"taxonomy":"category","embeddable":true,"href":"https:\/\/blogdoedvaldomagalhaes.com.br\/index.php\/wp-json\/wp\/v2\/categories?post=126395"},{"taxonomy":"post_tag","embeddable":true,"href":"https:\/\/blogdoedvaldomagalhaes.com.br\/index.php\/wp-json\/wp\/v2\/tags?post=126395"}],"curies":[{"name":"wp","href":"https:\/\/api.w.org\/{rel}","templated":true}]}}