{"id":126392,"date":"2026-01-27T21:45:40","date_gmt":"2026-01-28T00:45:40","guid":{"rendered":"https:\/\/blogdoedvaldomagalhaes.com.br\/?p=126392"},"modified":"2026-01-27T21:45:40","modified_gmt":"2026-01-28T00:45:40","slug":"ceaca-promove-acao-de-saude-e-bem-estar-para-a-populacao-em-alusao-ao-janeiro-branco","status":"publish","type":"post","link":"https:\/\/blogdoedvaldomagalhaes.com.br\/index.php\/2026\/01\/27\/ceaca-promove-acao-de-saude-e-bem-estar-para-a-populacao-em-alusao-ao-janeiro-branco\/","title":{"rendered":"Ceaca promove a\u00e7\u00e3o de sa\u00fade e bem-estar para a popula\u00e7\u00e3o em alus\u00e3o ao Janeiro Branco"},"content":{"rendered":"<p>A Central de Abastecimento de Caruaru (Ceaca) realiza, nesta quarta-feira (28), a partir das 9h, uma programa\u00e7\u00e3o especial em alus\u00e3o \u00e0 campanha Janeiro Branco, voltada \u00e0 conscientiza\u00e7\u00e3o sobre a import\u00e2ncia da sa\u00fade mental e do cuidado integral com o corpo e a mente.<\/p>\n<p>A atividade contar\u00e1 com a palestra do psicanalista Marcos Renner, que abordar\u00e1 o tema \u201cA nutri\u00e7\u00e3o e o bem-estar emocional\u201d, destacando a rela\u00e7\u00e3o entre alimenta\u00e7\u00e3o saud\u00e1vel e equil\u00edbrio psicol\u00f3gico. Na sequ\u00eancia, acontece o encontro da \u201cCozinha Empoderada\u201d, com a chef Gessil\u00e2ndia Nunes, que ir\u00e1 preparar a receita de um ensopado nutritivo com aproveitamento integral dos alimentos, incentivando h\u00e1bitos alimentares mais saud\u00e1veis e sustent\u00e1veis.<\/p>\n<p>Al\u00e9m das a\u00e7\u00f5es educativas, o evento oferecer\u00e1 servi\u00e7os de sa\u00fade, com atendimento do Odontom\u00f3vel e realiza\u00e7\u00e3o de exames de vista, ampliando o acesso da popula\u00e7\u00e3o a cuidados b\u00e1sicos.<\/p>\n<p>A programa\u00e7\u00e3o \u00e9 aberta ao p\u00fablico e refor\u00e7a o compromisso da Ceaca com a promo\u00e7\u00e3o da qualidade de vida, unindo sa\u00fade mental, alimenta\u00e7\u00e3o consciente e servi\u00e7os essenciais em um mesmo espa\u00e7o.<\/p>\n<p>A Ceaca, que comercializa no atacado e no varejo,  est\u00e1 localizada na Avenida Jos\u00e9 Pinheiro dos Santos (BR 104), bairro Cidade Alta. Contato:  81 98945-4151.<br \/>\nSiga o Instagram @portaledvaldomagalhaes<br \/>\nFoto: Divulga\u00e7\u00e3o <\/p>\n","protected":false},"excerpt":{"rendered":"<p>A Central de Abastecimento de Caruaru (Ceaca) realiza, nesta quarta-feira (28), a partir das 9h, uma programa\u00e7\u00e3o especial em alus\u00e3o&hellip;<\/p>\n","protected":false},"author":1,"featured_media":126393,"comment_status":"closed","ping_status":"open","sticky":false,"template":"","format":"standard","meta":{"footnotes":""},"categories":[14120],"tags":[13146,35735,34634],"class_list":["post-126392","post","type-post","status-publish","format-standard","has-post-thumbnail","hentry","category-noticias","tag-blog-edvaldo-magalhaes","tag-ceaca-promove-acao-de-saude-e-bem-estar-para-a-populacao-em-alusao-ao-janeiro-branco","tag-portal-edvaldo-magalhaes"],"_links":{"self":[{"href":"https:\/\/blogdoedvaldomagalhaes.com.br\/index.php\/wp-json\/wp\/v2\/posts\/126392","targetHints":{"allow":["GET"]}}],"collection":[{"href":"https:\/\/blogdoedvaldomagalhaes.com.br\/index.php\/wp-json\/wp\/v2\/posts"}],"about":[{"href":"https:\/\/blogdoedvaldomagalhaes.com.br\/index.php\/wp-json\/wp\/v2\/types\/post"}],"author":[{"embeddable":true,"href":"https:\/\/blogdoedvaldomagalhaes.com.br\/index.php\/wp-json\/wp\/v2\/users\/1"}],"replies":[{"embeddable":true,"href":"https:\/\/blogdoedvaldomagalhaes.com.br\/index.php\/wp-json\/wp\/v2\/comments?post=126392"}],"version-history":[{"count":1,"href":"https:\/\/blogdoedvaldomagalhaes.com.br\/index.php\/wp-json\/wp\/v2\/posts\/126392\/revisions"}],"predecessor-version":[{"id":126394,"href":"https:\/\/blogdoedvaldomagalhaes.com.br\/index.php\/wp-json\/wp\/v2\/posts\/126392\/revisions\/126394"}],"wp:featuredmedia":[{"embeddable":true,"href":"https:\/\/blogdoedvaldomagalhaes.com.br\/index.php\/wp-json\/wp\/v2\/media\/126393"}],"wp:attachment":[{"href":"https:\/\/blogdoedvaldomagalhaes.com.br\/index.php\/wp-json\/wp\/v2\/media?parent=126392"}],"wp:term":[{"taxonomy":"category","embeddable":true,"href":"https:\/\/blogdoedvaldomagalhaes.com.br\/index.php\/wp-json\/wp\/v2\/categories?post=126392"},{"taxonomy":"post_tag","embeddable":true,"href":"https:\/\/blogdoedvaldomagalhaes.com.br\/index.php\/wp-json\/wp\/v2\/tags?post=126392"}],"curies":[{"name":"wp","href":"https:\/\/api.w.org\/{rel}","templated":true}]}}