{"id":126389,"date":"2026-01-27T21:28:00","date_gmt":"2026-01-28T00:28:00","guid":{"rendered":"https:\/\/blogdoedvaldomagalhaes.com.br\/?p=126389"},"modified":"2026-01-27T21:32:52","modified_gmt":"2026-01-28T00:32:52","slug":"caruaru-realiza-semana-da-visibilidade-trans-com-formacao-seminario-e-sarau-cultural","status":"publish","type":"post","link":"https:\/\/blogdoedvaldomagalhaes.com.br\/index.php\/2026\/01\/27\/caruaru-realiza-semana-da-visibilidade-trans-com-formacao-seminario-e-sarau-cultural\/","title":{"rendered":"Caruaru realiza Semana da Visibilidade Trans com forma\u00e7\u00e3o, semin\u00e1rio e sarau cultural"},"content":{"rendered":"<p>Em alus\u00e3o ao Dia Nacional da Visibilidade Trans, celebrado em 29 de janeiro, a Prefeitura de Caruaru promove a Semana da Visibilidade Trans Caruaru 2026, com o tema \u201cNossos corpos s\u00e3o resist\u00eancias e exist\u00eancias para a nossa sobreviv\u00eancia: respeite nossas identidades\u201d.<\/p>\n<p>A programa\u00e7\u00e3o acontece a partir desta ter\u00e7a-feira (27), com atividades de forma\u00e7\u00e3o para servidores, debates sobre transmasculinidade e a\u00e7\u00f5es culturais abertas ao p\u00fablico, dentro das a\u00e7\u00f5es desenvolvidas pela Secretaria de Assist\u00eancia Social e Combate \u00e0 Fome (SAS).<\/p>\n<p>No primeiro dia, das 10h \u00e0s 12h, ser\u00e1 realizada uma forma\u00e7\u00e3o para servidores da SAS, no audit\u00f3rio da Secretaria, com foco na humaniza\u00e7\u00e3o do atendimento e no fortalecimento das pol\u00edticas p\u00fablicas. Na quarta (28), das 14h \u00e0s 16h, acontece o 1\u00ba Semin\u00e1rio Transmasculinidade \u2013 Caruaru, tamb\u00e9m no audit\u00f3rio da SAS, abordando temas como sa\u00fade, direitos e empregabilidade.<\/p>\n<p>Encerrando a programa\u00e7\u00e3o, na quinta-feira (29), das 19h \u00e0s 21h30, ser\u00e1 realizado o 1\u00ba Ch\u00e1Trans \u201cSarau\u201d, no Galp\u00e3o da Esta\u00e7\u00e3o Ferrovi\u00e1ria, com apresenta\u00e7\u00f5es art\u00edsticas e momentos de conviv\u00eancia cultural.<\/p>\n<p>Para a coordenadora de Promo\u00e7\u00e3o \u00e0 Diversidade da SAS, Stephane Fechine, a iniciativa fortalece a sensibiliza\u00e7\u00e3o e a inclus\u00e3o. \u201cS\u00e3o a\u00e7\u00f5es que contribuem para qualificar os servi\u00e7os p\u00fablicos e ampliar o respeito \u00e0 popula\u00e7\u00e3o trans\u201d, destacou.<\/p>\n<p>A a\u00e7\u00e3o integra o trabalho da Coordena\u00e7\u00e3o de Promo\u00e7\u00e3o e Defesa dos Direitos LGBTQIAPN+ e reafirma o compromisso do munic\u00edpio com o respeito \u00e0 diversidade, a inclus\u00e3o social e a garantia de direitos.<br \/>\nSiga o Instagram @portaledvaldomagalhaes<br \/>\nFoto: Divulga\u00e7\u00e3o <\/p>\n","protected":false},"excerpt":{"rendered":"<p>Em alus\u00e3o ao Dia Nacional da Visibilidade Trans, celebrado em 29 de janeiro, a Prefeitura de Caruaru promove a Semana&hellip;<\/p>\n","protected":false},"author":1,"featured_media":126391,"comment_status":"closed","ping_status":"open","sticky":false,"template":"","format":"standard","meta":{"footnotes":""},"categories":[14120],"tags":[13146,35734,34634],"class_list":["post-126389","post","type-post","status-publish","format-standard","has-post-thumbnail","hentry","category-noticias","tag-blog-edvaldo-magalhaes","tag-caruaru-realiza-semana-da-visibilidade-trans-com-formacao","tag-portal-edvaldo-magalhaes"],"_links":{"self":[{"href":"https:\/\/blogdoedvaldomagalhaes.com.br\/index.php\/wp-json\/wp\/v2\/posts\/126389","targetHints":{"allow":["GET"]}}],"collection":[{"href":"https:\/\/blogdoedvaldomagalhaes.com.br\/index.php\/wp-json\/wp\/v2\/posts"}],"about":[{"href":"https:\/\/blogdoedvaldomagalhaes.com.br\/index.php\/wp-json\/wp\/v2\/types\/post"}],"author":[{"embeddable":true,"href":"https:\/\/blogdoedvaldomagalhaes.com.br\/index.php\/wp-json\/wp\/v2\/users\/1"}],"replies":[{"embeddable":true,"href":"https:\/\/blogdoedvaldomagalhaes.com.br\/index.php\/wp-json\/wp\/v2\/comments?post=126389"}],"version-history":[{"count":1,"href":"https:\/\/blogdoedvaldomagalhaes.com.br\/index.php\/wp-json\/wp\/v2\/posts\/126389\/revisions"}],"predecessor-version":[{"id":126390,"href":"https:\/\/blogdoedvaldomagalhaes.com.br\/index.php\/wp-json\/wp\/v2\/posts\/126389\/revisions\/126390"}],"wp:featuredmedia":[{"embeddable":true,"href":"https:\/\/blogdoedvaldomagalhaes.com.br\/index.php\/wp-json\/wp\/v2\/media\/126391"}],"wp:attachment":[{"href":"https:\/\/blogdoedvaldomagalhaes.com.br\/index.php\/wp-json\/wp\/v2\/media?parent=126389"}],"wp:term":[{"taxonomy":"category","embeddable":true,"href":"https:\/\/blogdoedvaldomagalhaes.com.br\/index.php\/wp-json\/wp\/v2\/categories?post=126389"},{"taxonomy":"post_tag","embeddable":true,"href":"https:\/\/blogdoedvaldomagalhaes.com.br\/index.php\/wp-json\/wp\/v2\/tags?post=126389"}],"curies":[{"name":"wp","href":"https:\/\/api.w.org\/{rel}","templated":true}]}}