{"id":126383,"date":"2026-01-27T20:55:40","date_gmt":"2026-01-27T23:55:40","guid":{"rendered":"https:\/\/blogdoedvaldomagalhaes.com.br\/?p=126383"},"modified":"2026-01-27T21:18:27","modified_gmt":"2026-01-28T00:18:27","slug":"inaugurada-nova-sala-da-secretaria-da-mulher-na-maternidade-santa-dulce-dos-pobres","status":"publish","type":"post","link":"https:\/\/blogdoedvaldomagalhaes.com.br\/index.php\/2026\/01\/27\/inaugurada-nova-sala-da-secretaria-da-mulher-na-maternidade-santa-dulce-dos-pobres\/","title":{"rendered":"Inaugurada nova Sala da Secretaria da Mulher na Maternidade Santa Dulce dos Pobres"},"content":{"rendered":"<p>A Prefeitura de Caruaru inaugurou, nessa segunda-feira (26.01), a nova Sala da Secretaria da Mulher na Maternidade Santa Dulce dos Pobres. A iniciativa, realizada por meio da Secretaria da Mulher, em parceria com a Secretaria Municipal de Sa\u00fade, representa a integra\u00e7\u00e3o das pol\u00edticas p\u00fablicas voltadas \u00e0 sa\u00fade, ao cuidado humanizado e \u00e0 garantia dos direitos das mulheres.<\/p>\n<p>A implanta\u00e7\u00e3o do novo espa\u00e7o est\u00e1 alinhada \u00e0 Lei Municipal n\u00ba 5.951\/2017, conhecida como Lei \u201cNascer Bem\u201d, que estabelece diretrizes para a humaniza\u00e7\u00e3o da aten\u00e7\u00e3o ao parto, ao nascimento e ao cuidado com gestantes, parturientes e pu\u00e9rperas no \u00e2mbito do munic\u00edpio. A sala funciona como ponto de acolhimento, orienta\u00e7\u00e3o e escuta qualificada, ampliando o acesso das mulheres \u00e0 informa\u00e7\u00e3o sobre seus direitos e aos servi\u00e7os da rede de prote\u00e7\u00e3o.<\/p>\n<p>Localizada dentro da maternidade, a Sala da Secretaria da Mulher fortalece a atua\u00e7\u00e3o intersetorial entre sa\u00fade e enfrentamento \u00e0 viol\u00eancia, com foco especial na preven\u00e7\u00e3o e no combate \u00e0 viol\u00eancia obst\u00e9trica, al\u00e9m da promo\u00e7\u00e3o da autonomia e da dignidade das mulheres durante a gesta\u00e7\u00e3o, o parto e o p\u00f3s-parto. A iniciativa j\u00e1 estava presente desde a inaugura\u00e7\u00e3o da Maternidade, mas ganhou uma nova estrutura para fortalecer o servi\u00e7o.<\/p>\n<p>A secret\u00e1ria da Mulher, Luana Marabuco, destacou a import\u00e2ncia do equipamento para a pol\u00edtica p\u00fablica municipal. \u201cO espa\u00e7o funciona como local de acolhimento e integra\u00e7\u00e3o das pol\u00edticas para mulheres, com execu\u00e7\u00e3o de a\u00e7\u00f5es de enfrentamento a viol\u00eancias contra a mulher e cuidado com a sa\u00fade f\u00edsica e mental. Inaugurar essa nova sala, no Janeiro Branco, \u00e9 tamb\u00e9m uma forma de fortalecer a pauta da sa\u00fade da mulher em sua integralidade\u201d, celebrou.<br \/>\nSiga o Instagram @portaledvaldomagalhaes<br \/>\nFoto: Rafael Moreira\/Secom\/PMC<\/p>\n","protected":false},"excerpt":{"rendered":"<p>A Prefeitura de Caruaru inaugurou, nessa segunda-feira (26.01), a nova Sala da Secretaria da Mulher na Maternidade Santa Dulce dos&hellip;<\/p>\n","protected":false},"author":1,"featured_media":126384,"comment_status":"closed","ping_status":"open","sticky":false,"template":"","format":"standard","meta":{"footnotes":""},"categories":[14122],"tags":[13146,35732,34634],"class_list":["post-126383","post","type-post","status-publish","format-standard","has-post-thumbnail","hentry","category-politica","tag-blog-edvaldo-magalhaes","tag-inaugurada-nova-sala-da-secretaria-da-mulher-na-maternidade-santa-dulce-dos-pobres","tag-portal-edvaldo-magalhaes"],"_links":{"self":[{"href":"https:\/\/blogdoedvaldomagalhaes.com.br\/index.php\/wp-json\/wp\/v2\/posts\/126383","targetHints":{"allow":["GET"]}}],"collection":[{"href":"https:\/\/blogdoedvaldomagalhaes.com.br\/index.php\/wp-json\/wp\/v2\/posts"}],"about":[{"href":"https:\/\/blogdoedvaldomagalhaes.com.br\/index.php\/wp-json\/wp\/v2\/types\/post"}],"author":[{"embeddable":true,"href":"https:\/\/blogdoedvaldomagalhaes.com.br\/index.php\/wp-json\/wp\/v2\/users\/1"}],"replies":[{"embeddable":true,"href":"https:\/\/blogdoedvaldomagalhaes.com.br\/index.php\/wp-json\/wp\/v2\/comments?post=126383"}],"version-history":[{"count":1,"href":"https:\/\/blogdoedvaldomagalhaes.com.br\/index.php\/wp-json\/wp\/v2\/posts\/126383\/revisions"}],"predecessor-version":[{"id":126385,"href":"https:\/\/blogdoedvaldomagalhaes.com.br\/index.php\/wp-json\/wp\/v2\/posts\/126383\/revisions\/126385"}],"wp:featuredmedia":[{"embeddable":true,"href":"https:\/\/blogdoedvaldomagalhaes.com.br\/index.php\/wp-json\/wp\/v2\/media\/126384"}],"wp:attachment":[{"href":"https:\/\/blogdoedvaldomagalhaes.com.br\/index.php\/wp-json\/wp\/v2\/media?parent=126383"}],"wp:term":[{"taxonomy":"category","embeddable":true,"href":"https:\/\/blogdoedvaldomagalhaes.com.br\/index.php\/wp-json\/wp\/v2\/categories?post=126383"},{"taxonomy":"post_tag","embeddable":true,"href":"https:\/\/blogdoedvaldomagalhaes.com.br\/index.php\/wp-json\/wp\/v2\/tags?post=126383"}],"curies":[{"name":"wp","href":"https:\/\/api.w.org\/{rel}","templated":true}]}}