{"id":126380,"date":"2026-01-27T20:47:49","date_gmt":"2026-01-27T23:47:49","guid":{"rendered":"https:\/\/blogdoedvaldomagalhaes.com.br\/?p=126380"},"modified":"2026-01-27T21:03:22","modified_gmt":"2026-01-28T00:03:22","slug":"transforma-caruaru-promove-campanha-de-doacao-de-sangue-para-fortalecer-estoque-no-carnaval","status":"publish","type":"post","link":"https:\/\/blogdoedvaldomagalhaes.com.br\/index.php\/2026\/01\/27\/transforma-caruaru-promove-campanha-de-doacao-de-sangue-para-fortalecer-estoque-no-carnaval\/","title":{"rendered":"Transforma Caruaru promove campanha de doa\u00e7\u00e3o de sangue para fortalecer estoque no Carnaval"},"content":{"rendered":"<p>Pelo sexto ano consecutivo, o Transforma Caruaru, em parceria com o Hemope, promove, a partir desta ter\u00e7a-feira (27.01), a campanha &#8220;Muda Junto, doe sangue! Voc\u00ea \u00e9 o tipo certo de algu\u00e9m!&#8221; A a\u00e7\u00e3o tem como objetivo mobilizar os bancos sangu\u00edneos, principalmente os que est\u00e3o com menor \u00edndice, para fortalecer o estoque na semana pr\u00e9-carnavalesca e no carnaval do Agreste de Pernambuco. <\/p>\n<p>A campanha segue at\u00e9 o dia 13 de fevereiro e as pessoas podem se dirigir \u00e0 sede do Hemope Caruaru para fazer sua doa\u00e7\u00e3o de sangue. <\/p>\n<p>De acordo com a Supervisora do Hemope Caruaru, Ros\u00e2ngela Brito, o estoque se encontra est\u00e1vel, por\u00e9m os tipos negativos sempre s\u00e3o os mais dif\u00edceis.<\/p>\n<p>O Hemocentro Caruaru atende os 32 munic\u00edpios de abrang\u00eancia da IV Geres, inclu\u00edndo Bezerros e Pesqueira, que s\u00e3o polos carnavalescos. Excepcionalmente, para refor\u00e7ar a campanha do carnaval, o Hemope abrir\u00e1 nos s\u00e1bados, dias 24 e 31 de janeiro, das 7h as 12h. <\/p>\n<p>\u201c\u00c9 de suma import\u00e2ncia essa a\u00e7\u00e3o nesse momento pr\u00e9-carnaval, em parceria com o Hemope, para conscientizar a popula\u00e7\u00e3o da necessidade de doa\u00e7\u00e3o de sangue nesse per\u00edodo e refor\u00e7ar os estoques.\u201d, ressaltou a gerente do Transforma Caruaru, Christianny Magalh\u00e3es.<\/p>\n<p>O Hemope Caruaru fica na Avenida Oswaldo Cruz, S\/N, Maur\u00edcio de Nassau, e funciona de segunda a sexta, das 7h30 as 17h, sem intervalo.<br \/>\nSiga o Instagram @portaledvaldomagalhaes.<br \/>\nFoto: Divulga\u00e7\u00e3o\/Hemope <\/p>\n","protected":false},"excerpt":{"rendered":"<p>Pelo sexto ano consecutivo, o Transforma Caruaru, em parceria com o Hemope, promove, a partir desta ter\u00e7a-feira (27.01), a campanha&hellip;<\/p>\n","protected":false},"author":1,"featured_media":126381,"comment_status":"closed","ping_status":"open","sticky":false,"template":"","format":"standard","meta":{"footnotes":""},"categories":[21063],"tags":[13146,34634,35731],"class_list":["post-126380","post","type-post","status-publish","format-standard","has-post-thumbnail","hentry","category-utilidade-publica","tag-blog-edvaldo-magalhaes","tag-portal-edvaldo-magalhaes","tag-transforma-caruaru-promove-campanha-de-doacao-de-sangue-para-fortalecer-estoque-no-carnaval"],"_links":{"self":[{"href":"https:\/\/blogdoedvaldomagalhaes.com.br\/index.php\/wp-json\/wp\/v2\/posts\/126380","targetHints":{"allow":["GET"]}}],"collection":[{"href":"https:\/\/blogdoedvaldomagalhaes.com.br\/index.php\/wp-json\/wp\/v2\/posts"}],"about":[{"href":"https:\/\/blogdoedvaldomagalhaes.com.br\/index.php\/wp-json\/wp\/v2\/types\/post"}],"author":[{"embeddable":true,"href":"https:\/\/blogdoedvaldomagalhaes.com.br\/index.php\/wp-json\/wp\/v2\/users\/1"}],"replies":[{"embeddable":true,"href":"https:\/\/blogdoedvaldomagalhaes.com.br\/index.php\/wp-json\/wp\/v2\/comments?post=126380"}],"version-history":[{"count":1,"href":"https:\/\/blogdoedvaldomagalhaes.com.br\/index.php\/wp-json\/wp\/v2\/posts\/126380\/revisions"}],"predecessor-version":[{"id":126382,"href":"https:\/\/blogdoedvaldomagalhaes.com.br\/index.php\/wp-json\/wp\/v2\/posts\/126380\/revisions\/126382"}],"wp:featuredmedia":[{"embeddable":true,"href":"https:\/\/blogdoedvaldomagalhaes.com.br\/index.php\/wp-json\/wp\/v2\/media\/126381"}],"wp:attachment":[{"href":"https:\/\/blogdoedvaldomagalhaes.com.br\/index.php\/wp-json\/wp\/v2\/media?parent=126380"}],"wp:term":[{"taxonomy":"category","embeddable":true,"href":"https:\/\/blogdoedvaldomagalhaes.com.br\/index.php\/wp-json\/wp\/v2\/categories?post=126380"},{"taxonomy":"post_tag","embeddable":true,"href":"https:\/\/blogdoedvaldomagalhaes.com.br\/index.php\/wp-json\/wp\/v2\/tags?post=126380"}],"curies":[{"name":"wp","href":"https:\/\/api.w.org\/{rel}","templated":true}]}}