{"id":126377,"date":"2026-01-27T20:38:25","date_gmt":"2026-01-27T23:38:25","guid":{"rendered":"https:\/\/blogdoedvaldomagalhaes.com.br\/?p=126377"},"modified":"2026-01-27T20:38:25","modified_gmt":"2026-01-27T23:38:25","slug":"prefeitura-de-caruaru-inaugura-nova-ubs-no-nina-liberato","status":"publish","type":"post","link":"https:\/\/blogdoedvaldomagalhaes.com.br\/index.php\/2026\/01\/27\/prefeitura-de-caruaru-inaugura-nova-ubs-no-nina-liberato\/","title":{"rendered":"Prefeitura de Caruaru inaugura nova UBS no Nina Liberato"},"content":{"rendered":"<p>A Prefeitura de Caruaru inaugurou, nesta ter\u00e7a-feira (27.01), a Unidade B\u00e1sica de Sa\u00fade (UBS) Nina Liberato, localizada na Avenida Ariano Suassuna, n\u00ba 389. A unidade vai beneficiar cerca de 3.500 moradores do bairro e de comunidades vizinhas, fortalecendo a Aten\u00e7\u00e3o Prim\u00e1ria \u00e0 Sa\u00fade no munic\u00edpio.<\/p>\n<p>A UBS funcionar\u00e1 de segunda a sexta-feira, das 7h30 \u00e0s 16h30, atuando como porta de entrada do Sistema \u00danico de Sa\u00fade (SUS) e contribuindo para a redu\u00e7\u00e3o da demanda nas Unidades de Pronto Atendimento (UPAs) e hospitais. <\/p>\n<p>Durante a inaugura\u00e7\u00e3o, o prefeito Rodrigo Pinheiro destacou os investimentos da gest\u00e3o na sa\u00fade. \u201cA entrega desta UBS \u00e9 mais uma demonstra\u00e7\u00e3o do nosso compromisso com o fortalecimento do Sistema \u00danico de Sa\u00fade em Caruaru. Desde o in\u00edcio da nossa gest\u00e3o, temos investido de forma cont\u00ednua na Aten\u00e7\u00e3o B\u00e1sica, ampliando o acesso da popula\u00e7\u00e3o aos servi\u00e7os de sa\u00fade. Implantamos sete novas Equipes de Sa\u00fade da Fam\u00edlia em diversos bairros da cidade, ampliamos equipes em territ\u00f3rios estrat\u00e9gicos e criamos novos pontos de apoio na zona rural. Tudo isso para garantir um atendimento mais pr\u00f3ximo, humanizado e de qualidade para quem mais precisa\u201d, disse. <\/p>\n<p>A unidade conta com estrutura completa, incluindo consult\u00f3rios, sala de vacina\u00e7\u00e3o, sala de procedimentos, farm\u00e1cia b\u00e1sica, al\u00e9m de Equipes de Sa\u00fade da Fam\u00edlia e equipe multiprofissional,  sendo o primeiro equipamento p\u00fablico de sa\u00fade entregue no bairro integrando um conjunto de a\u00e7\u00f5es para amplia\u00e7\u00e3o dos servi\u00e7os do SUS no munic\u00edpio.<\/p>\n<p>Para os moradores, a entrega representa uma conquista hist\u00f3rica. \u201cEssa UBS \u00e9 resultado de uma luta de mais de 13 anos. Antes, n\u00e3o t\u00ednhamos estrutura nem atendimento. Hoje, \u00e9 gratid\u00e3o e mais dignidade para a popula\u00e7\u00e3o do Nina Liberato\u201d, destacou o morador Jos\u00e9 Ricardo.<br \/>\nSiga o Instagram @portaledvaldomagalhaes<br \/>\nFoto: Rafael Moreira<\/p>\n","protected":false},"excerpt":{"rendered":"<p>A Prefeitura de Caruaru inaugurou, nesta ter\u00e7a-feira (27.01), a Unidade B\u00e1sica de Sa\u00fade (UBS) Nina Liberato, localizada na Avenida Ariano&hellip;<\/p>\n","protected":false},"author":1,"featured_media":126378,"comment_status":"closed","ping_status":"open","sticky":false,"template":"","format":"standard","meta":{"footnotes":""},"categories":[14122],"tags":[13146,34634,35730],"class_list":["post-126377","post","type-post","status-publish","format-standard","has-post-thumbnail","hentry","category-politica","tag-blog-edvaldo-magalhaes","tag-portal-edvaldo-magalhaes","tag-prefeitura-de-caruaru-inaugura-nova-ubs-no-nina-liberato"],"_links":{"self":[{"href":"https:\/\/blogdoedvaldomagalhaes.com.br\/index.php\/wp-json\/wp\/v2\/posts\/126377","targetHints":{"allow":["GET"]}}],"collection":[{"href":"https:\/\/blogdoedvaldomagalhaes.com.br\/index.php\/wp-json\/wp\/v2\/posts"}],"about":[{"href":"https:\/\/blogdoedvaldomagalhaes.com.br\/index.php\/wp-json\/wp\/v2\/types\/post"}],"author":[{"embeddable":true,"href":"https:\/\/blogdoedvaldomagalhaes.com.br\/index.php\/wp-json\/wp\/v2\/users\/1"}],"replies":[{"embeddable":true,"href":"https:\/\/blogdoedvaldomagalhaes.com.br\/index.php\/wp-json\/wp\/v2\/comments?post=126377"}],"version-history":[{"count":1,"href":"https:\/\/blogdoedvaldomagalhaes.com.br\/index.php\/wp-json\/wp\/v2\/posts\/126377\/revisions"}],"predecessor-version":[{"id":126379,"href":"https:\/\/blogdoedvaldomagalhaes.com.br\/index.php\/wp-json\/wp\/v2\/posts\/126377\/revisions\/126379"}],"wp:featuredmedia":[{"embeddable":true,"href":"https:\/\/blogdoedvaldomagalhaes.com.br\/index.php\/wp-json\/wp\/v2\/media\/126378"}],"wp:attachment":[{"href":"https:\/\/blogdoedvaldomagalhaes.com.br\/index.php\/wp-json\/wp\/v2\/media?parent=126377"}],"wp:term":[{"taxonomy":"category","embeddable":true,"href":"https:\/\/blogdoedvaldomagalhaes.com.br\/index.php\/wp-json\/wp\/v2\/categories?post=126377"},{"taxonomy":"post_tag","embeddable":true,"href":"https:\/\/blogdoedvaldomagalhaes.com.br\/index.php\/wp-json\/wp\/v2\/tags?post=126377"}],"curies":[{"name":"wp","href":"https:\/\/api.w.org\/{rel}","templated":true}]}}