{"id":126371,"date":"2026-01-27T14:07:55","date_gmt":"2026-01-27T17:07:55","guid":{"rendered":"https:\/\/blogdoedvaldomagalhaes.com.br\/?p=126371"},"modified":"2026-01-27T21:07:00","modified_gmt":"2026-01-28T00:07:00","slug":"seja-pro-oferece-500-vagas-gratuitas-para-eja-com-qualificacao-profissional-em-pernambuco","status":"publish","type":"post","link":"https:\/\/blogdoedvaldomagalhaes.com.br\/index.php\/2026\/01\/27\/seja-pro-oferece-500-vagas-gratuitas-para-eja-com-qualificacao-profissional-em-pernambuco\/","title":{"rendered":"SEJA PRO+ oferece 500 vagas gratuitas para EJA com qualifica\u00e7\u00e3o profissional em Pernambuco"},"content":{"rendered":"<p>O Servi\u00e7o Social da Ind\u00fastria de Pernambuco (SESI-PE), por meio do programa SEJA Pro+ Trabalho e Emprego, est\u00e1 ofertando 500 vagas gratuitas para a Educa\u00e7\u00e3o de Jovens e Adultos (EJA) Profissionalizante, com cursos em parceria com o SENAI-PE. As vagas s\u00e3o destinadas para jovens de 18 a 29 anos. O programa \u00e9 fruto de uma parceria entre o SESI Pernambuco, o Conselho Nacional do SESI (CN-SESI) e o Minist\u00e9rio do Trabalho e Emprego (MTE) e prev\u00ea bolsa-aux\u00edlio de R$ 100 para os estudantes. As inscri\u00e7\u00f5es podem ser feitas at\u00e9 o dia 28 de fevereiro pelo site pe.sesi.org.br.<\/p>\n<p>A EJA Profissionalizante ofertada pelo SESI-PE abrange o Ensino Fundamental anos finais e o Ensino M\u00e9dio. A parceria com o SENAI-PE oferece 500 vagas para cursos profissionalizantes com dura\u00e7\u00e3o de 2 meses em diversas \u00e1reas, como Almoxarife, Alvenaria, Padeiro, Eletricista Instalador Predial, Instalador de Sistemas Fotovoltaicos, entre outros. Ao longo do programa, os estudantes ter\u00e3o atividades on-line e encontros presenciais.<\/p>\n<p>Superintendente do SESI-PE, Claudia Cartaxo ressalta que o programa \u00e9 uma forma de ampliar a escolaridade e criar novas oportunidades para jovens que precisaram deixar a escola e agora buscam um recome\u00e7o profissional. \u201cO SEJA Pro+ \u00e9 uma oportunidade de gerar crescimento profissional para os pernambucanos, aumentando as chances de se inserir no mercado de trabalho e, consequentemente, de melhorar o pr\u00f3prio futuro\u201d.<\/p>\n<p>Distribui\u00e7\u00e3o dos cursos profissionalizantes:<\/p>\n<p>SENAI Caruaru<br \/>\n&#8211; Almoxarife (50 vagas)<\/p>\n<p>SENAI Goiana<br \/>\n&#8211; Almoxarife (50 vagas)<\/p>\n<p>SENAI Paulista<br \/>\n&#8211; Pedreiro de Alvenaria (50 vagas)<br \/>\n&#8211; Eletricista Instalador Predial (50 vagas)<\/p>\n<p>SENAI Santo Amaro<br \/>\n&#8211; Padeiro (50 vagas)<br \/>\n&#8211; Pintor Imobili\u00e1rio (50 vagas)<\/p>\n<p>SENAI Areias<br \/>\n&#8211; Eletricista Instalador Predial (50 vagas)<br \/>\n&#8211; Instalador de Sistemas Fotovoltaicos (50 vagas).<br \/>\nSiga o Instagram @portaledvaldomagalhaes<br \/>\nFoto: Divulga\u00e7\u00e3o <\/p>\n<p>SENAI Petrolina<br \/>\n&#8211; Pedreiro de Alvenaria (50 vagas)<br \/>\n&#8211; Padeiro (50 vagas)<\/p>\n","protected":false},"excerpt":{"rendered":"<p>O Servi\u00e7o Social da Ind\u00fastria de Pernambuco (SESI-PE), por meio do programa SEJA Pro+ Trabalho e Emprego, est\u00e1 ofertando 500&hellip;<\/p>\n","protected":false},"author":1,"featured_media":126372,"comment_status":"closed","ping_status":"open","sticky":false,"template":"","format":"standard","meta":{"footnotes":""},"categories":[21063],"tags":[13146,34634,35728],"class_list":["post-126371","post","type-post","status-publish","format-standard","has-post-thumbnail","hentry","category-utilidade-publica","tag-blog-edvaldo-magalhaes","tag-portal-edvaldo-magalhaes","tag-seja-pro-oferece-500-vagas-gratuitas-para-eja-com-qualificacao-profissional-em-pernambuco"],"_links":{"self":[{"href":"https:\/\/blogdoedvaldomagalhaes.com.br\/index.php\/wp-json\/wp\/v2\/posts\/126371","targetHints":{"allow":["GET"]}}],"collection":[{"href":"https:\/\/blogdoedvaldomagalhaes.com.br\/index.php\/wp-json\/wp\/v2\/posts"}],"about":[{"href":"https:\/\/blogdoedvaldomagalhaes.com.br\/index.php\/wp-json\/wp\/v2\/types\/post"}],"author":[{"embeddable":true,"href":"https:\/\/blogdoedvaldomagalhaes.com.br\/index.php\/wp-json\/wp\/v2\/users\/1"}],"replies":[{"embeddable":true,"href":"https:\/\/blogdoedvaldomagalhaes.com.br\/index.php\/wp-json\/wp\/v2\/comments?post=126371"}],"version-history":[{"count":1,"href":"https:\/\/blogdoedvaldomagalhaes.com.br\/index.php\/wp-json\/wp\/v2\/posts\/126371\/revisions"}],"predecessor-version":[{"id":126373,"href":"https:\/\/blogdoedvaldomagalhaes.com.br\/index.php\/wp-json\/wp\/v2\/posts\/126371\/revisions\/126373"}],"wp:featuredmedia":[{"embeddable":true,"href":"https:\/\/blogdoedvaldomagalhaes.com.br\/index.php\/wp-json\/wp\/v2\/media\/126372"}],"wp:attachment":[{"href":"https:\/\/blogdoedvaldomagalhaes.com.br\/index.php\/wp-json\/wp\/v2\/media?parent=126371"}],"wp:term":[{"taxonomy":"category","embeddable":true,"href":"https:\/\/blogdoedvaldomagalhaes.com.br\/index.php\/wp-json\/wp\/v2\/categories?post=126371"},{"taxonomy":"post_tag","embeddable":true,"href":"https:\/\/blogdoedvaldomagalhaes.com.br\/index.php\/wp-json\/wp\/v2\/tags?post=126371"}],"curies":[{"name":"wp","href":"https:\/\/api.w.org\/{rel}","templated":true}]}}