{"id":126368,"date":"2026-01-27T12:26:23","date_gmt":"2026-01-27T15:26:23","guid":{"rendered":"https:\/\/blogdoedvaldomagalhaes.com.br\/?p=126368"},"modified":"2026-01-27T12:26:23","modified_gmt":"2026-01-27T15:26:23","slug":"caruaru-recebe-sessao-gratuita-do-espetaculo-de-danca-ranhura-neste-sabado-31","status":"publish","type":"post","link":"https:\/\/blogdoedvaldomagalhaes.com.br\/index.php\/2026\/01\/27\/caruaru-recebe-sessao-gratuita-do-espetaculo-de-danca-ranhura-neste-sabado-31\/","title":{"rendered":"Caruaru recebe sess\u00e3o gratuita do espet\u00e1culo de dan\u00e7a Ranhura neste s\u00e1bado (31)"},"content":{"rendered":"<p>Ap\u00f3s uma estreia emocionante em Garanhuns, o espet\u00e1culo de dan\u00e7a \u201cRanhura\u201d chega a Caruaru no pr\u00f3ximo s\u00e1bado (31.01), com uma sess\u00e3o gratuita. Refletindo sobre o cansa\u00e7o e a sobrecarga contempor\u00e2nea, a produ\u00e7\u00e3o visa retratar ang\u00fastias, desejos e sentimentos que traduzem os dias atuais e ter\u00e1 in\u00edcio \u00e0s 19h, no Teatro Lycio Neves, localizado no bairro Indian\u00f3polis. A distribui\u00e7\u00e3o de ingressos ter\u00e1 in\u00edcio uma hora antes, no local.<\/p>\n<p>\u201cFalar sobre desejo, cansa\u00e7o, persist\u00eancia e desist\u00eancia a partir da arte vem gerando diversos espelhos junto ao p\u00fablico que compartilha das apresenta\u00e7\u00f5es do espet\u00e1culo. Essa rela\u00e7\u00e3o \u00e9 o que torna a obra viva e pulsante. Queremos sentir Caruaru, as pessoas dessa terra, suas vontades e inquieta\u00e7\u00f5es\u201d, afirmou a int\u00e9rprete-dan\u00e7arina Rafaela Barros.<\/p>\n<p>Com dire\u00e7\u00e3o de arte de Rafael Sisant e coreografia de Wendell Britto, o espet\u00e1culo conta com cenografia de Geibson Nanes, figurino de Giovani Fraga, trilha sonora de Nino Alves e Aldecy Sousa e ilumina\u00e7\u00e3o de \u00c9verton Kelly.<\/p>\n<p>\u201cRanhura\u201d tem produ\u00e7\u00e3o da M\u00e3o na Caixa Produtora, assinada por Geibson Nanes, e foi contemplado no Edital Geral \u2013 Categoria I (Multilinguagens) da Pol\u00edtica Nacional Aldir Blanc (PNAB) Pernambuco, com apoio financeiro do Governo do Estado de Pernambuco, por meio da Secretaria de Cultura, via Minist\u00e9rio da Cultura \u2013 Governo Federal. Foto: Felipe Correia<br \/>\nSiga o Instagram @portaledvaldomagalhaes<\/p>\n","protected":false},"excerpt":{"rendered":"<p>Ap\u00f3s uma estreia emocionante em Garanhuns, o espet\u00e1culo de dan\u00e7a \u201cRanhura\u201d chega a Caruaru no pr\u00f3ximo s\u00e1bado (31.01), com uma&hellip;<\/p>\n","protected":false},"author":1,"featured_media":126369,"comment_status":"closed","ping_status":"open","sticky":false,"template":"","format":"standard","meta":{"footnotes":""},"categories":[14120],"tags":[13146,35727,34634],"class_list":["post-126368","post","type-post","status-publish","format-standard","has-post-thumbnail","hentry","category-noticias","tag-blog-edvaldo-magalhaes","tag-caruaru-recebe-sessao-gratuita-do-espetaculo-de-danca-ranhura-neste-sabado-31","tag-portal-edvaldo-magalhaes"],"_links":{"self":[{"href":"https:\/\/blogdoedvaldomagalhaes.com.br\/index.php\/wp-json\/wp\/v2\/posts\/126368","targetHints":{"allow":["GET"]}}],"collection":[{"href":"https:\/\/blogdoedvaldomagalhaes.com.br\/index.php\/wp-json\/wp\/v2\/posts"}],"about":[{"href":"https:\/\/blogdoedvaldomagalhaes.com.br\/index.php\/wp-json\/wp\/v2\/types\/post"}],"author":[{"embeddable":true,"href":"https:\/\/blogdoedvaldomagalhaes.com.br\/index.php\/wp-json\/wp\/v2\/users\/1"}],"replies":[{"embeddable":true,"href":"https:\/\/blogdoedvaldomagalhaes.com.br\/index.php\/wp-json\/wp\/v2\/comments?post=126368"}],"version-history":[{"count":1,"href":"https:\/\/blogdoedvaldomagalhaes.com.br\/index.php\/wp-json\/wp\/v2\/posts\/126368\/revisions"}],"predecessor-version":[{"id":126370,"href":"https:\/\/blogdoedvaldomagalhaes.com.br\/index.php\/wp-json\/wp\/v2\/posts\/126368\/revisions\/126370"}],"wp:featuredmedia":[{"embeddable":true,"href":"https:\/\/blogdoedvaldomagalhaes.com.br\/index.php\/wp-json\/wp\/v2\/media\/126369"}],"wp:attachment":[{"href":"https:\/\/blogdoedvaldomagalhaes.com.br\/index.php\/wp-json\/wp\/v2\/media?parent=126368"}],"wp:term":[{"taxonomy":"category","embeddable":true,"href":"https:\/\/blogdoedvaldomagalhaes.com.br\/index.php\/wp-json\/wp\/v2\/categories?post=126368"},{"taxonomy":"post_tag","embeddable":true,"href":"https:\/\/blogdoedvaldomagalhaes.com.br\/index.php\/wp-json\/wp\/v2\/tags?post=126368"}],"curies":[{"name":"wp","href":"https:\/\/api.w.org\/{rel}","templated":true}]}}