{"id":126365,"date":"2026-01-27T08:49:46","date_gmt":"2026-01-27T11:49:46","guid":{"rendered":"https:\/\/blogdoedvaldomagalhaes.com.br\/?p=126365"},"modified":"2026-01-27T21:41:28","modified_gmt":"2026-01-28T00:41:28","slug":"icia-vai-realizar-feira-de-livros-com-precos-a-partir-de-r-2-em-caruaru","status":"publish","type":"post","link":"https:\/\/blogdoedvaldomagalhaes.com.br\/index.php\/2026\/01\/27\/icia-vai-realizar-feira-de-livros-com-precos-a-partir-de-r-2-em-caruaru\/","title":{"rendered":"ICIA vai realizar Feira de Livros com pre\u00e7os a partir de R$ 2 em Caruaru"},"content":{"rendered":"<p>O Instituto do C\u00e2ncer Infantil do Agreste (ICIA) promove, nos dias 30 e 31 de janeiro, mais uma edi\u00e7\u00e3o da sua Feira de Livros, refor\u00e7ando o compromisso com a educa\u00e7\u00e3o, o incentivo \u00e0 leitura e a transforma\u00e7\u00e3o social. A a\u00e7\u00e3o acontece na sede da institui\u00e7\u00e3o, em Caruaru, no Agreste de Pernambuco, e contar\u00e1 com livros a partir de R$ 2, tornando o acesso ao conhecimento ainda mais democr\u00e1tico.<\/p>\n<p>A feira reunir\u00e1 uma grande variedade de t\u00edtulos, com op\u00e7\u00f5es para crian\u00e7as, jovens e adultos, al\u00e9m de livros did\u00e1ticos e religiosos, atendendo diferentes p\u00fablicos, gostos e faixas et\u00e1rias. A iniciativa vai al\u00e9m da comercializa\u00e7\u00e3o: \u00e9 um convite para que fam\u00edlias, estudantes e amantes da leitura se aproximem do universo dos livros e reconhe\u00e7am o poder transformador que eles exercem na vida das pessoas. Ao realizar mais uma Feira de Livros, o ICIA, que est\u00e1 entre as 100 melhores ONGs do Brasil, reafirma seu papel social, unindo cultura, educa\u00e7\u00e3o e solidariedade em uma a\u00e7\u00e3o que impacta positivamente toda a comunidade.<\/p>\n<p>O evento acontece no dia 30 de janeiro, das 8h \u00e0s 16h, e no dia 31 de janeiro, das 8h \u00e0s 12h, no pr\u00f3prio Instituto do C\u00e2ncer Infantil do Agreste, localizado na Avenida Paulo Santos, n\u00ba 917, bairro Universit\u00e1rio, em Caruaru.<br \/>\nUma oportunidade de ler mais, pagar menos e fazer o bem.<br \/>\nSiga o Instagram @portaledvaldomagalhaes<br \/>\nFoto: Divulga\u00e7\u00e3o <\/p>\n","protected":false},"excerpt":{"rendered":"<p>O Instituto do C\u00e2ncer Infantil do Agreste (ICIA) promove, nos dias 30 e 31 de janeiro, mais uma edi\u00e7\u00e3o da&hellip;<\/p>\n","protected":false},"author":1,"featured_media":126367,"comment_status":"closed","ping_status":"open","sticky":false,"template":"","format":"standard","meta":{"footnotes":""},"categories":[21063],"tags":[13146,35726,34634],"class_list":["post-126365","post","type-post","status-publish","format-standard","has-post-thumbnail","hentry","category-utilidade-publica","tag-blog-edvaldo-magalhaes","tag-icia-vai-realizar-feira-de-livros-com-precos-a-partir-de-r-2-em-caruaru","tag-portal-edvaldo-magalhaes"],"_links":{"self":[{"href":"https:\/\/blogdoedvaldomagalhaes.com.br\/index.php\/wp-json\/wp\/v2\/posts\/126365","targetHints":{"allow":["GET"]}}],"collection":[{"href":"https:\/\/blogdoedvaldomagalhaes.com.br\/index.php\/wp-json\/wp\/v2\/posts"}],"about":[{"href":"https:\/\/blogdoedvaldomagalhaes.com.br\/index.php\/wp-json\/wp\/v2\/types\/post"}],"author":[{"embeddable":true,"href":"https:\/\/blogdoedvaldomagalhaes.com.br\/index.php\/wp-json\/wp\/v2\/users\/1"}],"replies":[{"embeddable":true,"href":"https:\/\/blogdoedvaldomagalhaes.com.br\/index.php\/wp-json\/wp\/v2\/comments?post=126365"}],"version-history":[{"count":1,"href":"https:\/\/blogdoedvaldomagalhaes.com.br\/index.php\/wp-json\/wp\/v2\/posts\/126365\/revisions"}],"predecessor-version":[{"id":126366,"href":"https:\/\/blogdoedvaldomagalhaes.com.br\/index.php\/wp-json\/wp\/v2\/posts\/126365\/revisions\/126366"}],"wp:featuredmedia":[{"embeddable":true,"href":"https:\/\/blogdoedvaldomagalhaes.com.br\/index.php\/wp-json\/wp\/v2\/media\/126367"}],"wp:attachment":[{"href":"https:\/\/blogdoedvaldomagalhaes.com.br\/index.php\/wp-json\/wp\/v2\/media?parent=126365"}],"wp:term":[{"taxonomy":"category","embeddable":true,"href":"https:\/\/blogdoedvaldomagalhaes.com.br\/index.php\/wp-json\/wp\/v2\/categories?post=126365"},{"taxonomy":"post_tag","embeddable":true,"href":"https:\/\/blogdoedvaldomagalhaes.com.br\/index.php\/wp-json\/wp\/v2\/tags?post=126365"}],"curies":[{"name":"wp","href":"https:\/\/api.w.org\/{rel}","templated":true}]}}