{"id":126362,"date":"2026-01-26T15:18:59","date_gmt":"2026-01-26T18:18:59","guid":{"rendered":"https:\/\/blogdoedvaldomagalhaes.com.br\/?p=126362"},"modified":"2026-01-26T15:18:59","modified_gmt":"2026-01-26T18:18:59","slug":"localidades-da-zona-rural-de-caruaru-voltam-a-ter-agua-apos-retirada-de-ligacoes-clandestinas","status":"publish","type":"post","link":"https:\/\/blogdoedvaldomagalhaes.com.br\/index.php\/2026\/01\/26\/localidades-da-zona-rural-de-caruaru-voltam-a-ter-agua-apos-retirada-de-ligacoes-clandestinas\/","title":{"rendered":"Localidades da Zona Rural de Caruaru voltam a ter \u00e1gua, ap\u00f3s retirada de liga\u00e7\u00f5es clandestinas"},"content":{"rendered":"<p>Uma opera\u00e7\u00e3o de combate a furto de \u00e1gua na zona rural de Caruaru, conclu\u00edda na \u00faltima sexta-feira (23), desativou oito liga\u00e7\u00f5es irregulares que eram usadas para irriga\u00e7\u00e3o e enchimento de carros-pipa. O alvo foi a adutora que atende as localidades de Caraibeiras e Ita\u00fana.<\/p>\n<p>De acordo com a Compesa, foram recuperados tr\u00eas litros por segundo. O volume desviado deixou as duas localidades sem \u00e1gua por cerca de cinco meses, prejudicando diretamente 1.500 pessoas.<\/p>\n<p>Agora, com a vaz\u00e3o recuperada, os moradores j\u00e1 voltaram a ter \u00e1gua nas torneiras.  Caraibeiras ser\u00e1 abastecida duas vezes por semana e Ita\u00fana receber\u00e1 \u00e1gua de segunda a sexta-feira.<br \/>\nA opera\u00e7\u00e3o foi realizada pela Compesa com apoio da Secretaria de Defesa Social (SDS), por meio da Pol\u00edcia Militar de Pernambuco.<\/p>\n<p>Al\u00e9m das a\u00e7\u00f5es operacionais, a Compesa realizou a atualiza\u00e7\u00e3o cadastral dos moradores da regi\u00e3o, a fim de regularizar liga\u00e7\u00f5es, atualizar dados e ampliar o acesso aos benef\u00edcios da Tarifa Social, garantindo que as fam\u00edlias passem a ser contempladas com condi\u00e7\u00f5es mais justas no acesso ao servi\u00e7o de abastecimento.<\/p>\n<p>A companhia refor\u00e7a que furto de \u00e1gua \u00e9 crime, e que, quando praticado contra o patrim\u00f4nio p\u00fablico ou coletivo, pode configurar crime contra a coletividade, conforme os artigos 155 e 163 do C\u00f3digo Penal Brasileiro, com previs\u00e3o de pena de reclus\u00e3o e multa. A\u00e7\u00f5es de combate aliadas \u00e0s a\u00e7\u00f5es sociais e de regulariza\u00e7\u00e3o, \u00e9 fundamental para assegurar um abastecimento justo, eficiente e cont\u00ednuo, beneficiando toda a comunidade.<br \/>\nSiga o Instagram @portaledvaldomagalhaes<br \/>\nFoto: Divulga\u00e7\u00e3o <\/p>\n","protected":false},"excerpt":{"rendered":"<p>Uma opera\u00e7\u00e3o de combate a furto de \u00e1gua na zona rural de Caruaru, conclu\u00edda na \u00faltima sexta-feira (23), desativou oito&hellip;<\/p>\n","protected":false},"author":1,"featured_media":126363,"comment_status":"closed","ping_status":"open","sticky":false,"template":"","format":"standard","meta":{"footnotes":""},"categories":[14120],"tags":[13146,35725,34634],"class_list":["post-126362","post","type-post","status-publish","format-standard","has-post-thumbnail","hentry","category-noticias","tag-blog-edvaldo-magalhaes","tag-localidades-da-zona-rural-de-caruaru-voltam-a-ter-agua-apos-retirada-de-ligacoes-clandestinas","tag-portal-edvaldo-magalhaes"],"_links":{"self":[{"href":"https:\/\/blogdoedvaldomagalhaes.com.br\/index.php\/wp-json\/wp\/v2\/posts\/126362","targetHints":{"allow":["GET"]}}],"collection":[{"href":"https:\/\/blogdoedvaldomagalhaes.com.br\/index.php\/wp-json\/wp\/v2\/posts"}],"about":[{"href":"https:\/\/blogdoedvaldomagalhaes.com.br\/index.php\/wp-json\/wp\/v2\/types\/post"}],"author":[{"embeddable":true,"href":"https:\/\/blogdoedvaldomagalhaes.com.br\/index.php\/wp-json\/wp\/v2\/users\/1"}],"replies":[{"embeddable":true,"href":"https:\/\/blogdoedvaldomagalhaes.com.br\/index.php\/wp-json\/wp\/v2\/comments?post=126362"}],"version-history":[{"count":1,"href":"https:\/\/blogdoedvaldomagalhaes.com.br\/index.php\/wp-json\/wp\/v2\/posts\/126362\/revisions"}],"predecessor-version":[{"id":126364,"href":"https:\/\/blogdoedvaldomagalhaes.com.br\/index.php\/wp-json\/wp\/v2\/posts\/126362\/revisions\/126364"}],"wp:featuredmedia":[{"embeddable":true,"href":"https:\/\/blogdoedvaldomagalhaes.com.br\/index.php\/wp-json\/wp\/v2\/media\/126363"}],"wp:attachment":[{"href":"https:\/\/blogdoedvaldomagalhaes.com.br\/index.php\/wp-json\/wp\/v2\/media?parent=126362"}],"wp:term":[{"taxonomy":"category","embeddable":true,"href":"https:\/\/blogdoedvaldomagalhaes.com.br\/index.php\/wp-json\/wp\/v2\/categories?post=126362"},{"taxonomy":"post_tag","embeddable":true,"href":"https:\/\/blogdoedvaldomagalhaes.com.br\/index.php\/wp-json\/wp\/v2\/tags?post=126362"}],"curies":[{"name":"wp","href":"https:\/\/api.w.org\/{rel}","templated":true}]}}