{"id":126359,"date":"2026-01-26T14:31:12","date_gmt":"2026-01-26T17:31:12","guid":{"rendered":"https:\/\/blogdoedvaldomagalhaes.com.br\/?p=126359"},"modified":"2026-01-26T14:31:12","modified_gmt":"2026-01-26T17:31:12","slug":"garanhuns-registra-um-furto-de-fio-da-rede-de-distribuicao-de-energia-a-cada-30-horas-nos-primeiros-dias-de-2026","status":"publish","type":"post","link":"https:\/\/blogdoedvaldomagalhaes.com.br\/index.php\/2026\/01\/26\/garanhuns-registra-um-furto-de-fio-da-rede-de-distribuicao-de-energia-a-cada-30-horas-nos-primeiros-dias-de-2026\/","title":{"rendered":"Garanhuns registra um furto de fio da rede de distribui\u00e7\u00e3o de energia a cada 30 horas, nos primeiros dias de 2026"},"content":{"rendered":"<p>_N\u00famero tem impactado milhares de resid\u00eancias e com\u00e9rcios na cidade. Neoenergia tem trabalhado para repor os itens furtados no mais curto espa\u00e7o de tempo poss\u00edvel_<\/p>\n<p>_Recife, 26 de janeiro de 2026 \u2013_ Os furtos de cabos de energia el\u00e9trica t\u00eam se tornado algo recorrente em Garanhuns, em 2025. Desde o in\u00edcio do ano, a Neoenergia tem registrado um furto a cada 30 horas. O n\u00famero est\u00e1 bem acima da m\u00e9dia dos \u00faltimos anos e tem impactado diretamente o fornecimento de milhares de fam\u00edlias e comerciantes do munic\u00edpio. J\u00e1 foram repostos cerca de um quil\u00f4metro de ramais de liga\u00e7\u00e3o dos clientes, fora os grandes v\u00e3os de baixa tens\u00e3o que tamb\u00e9m sofreram com os furtos.<\/p>\n<p>Os principais bairros impactados foram Heli\u00f3polis, Boa Vista, Santo Ant\u00f4nio, Bras\u00edlia, Alu\u00edzio Pinto e Manoel Shell. Juntos, os crimes foram respons\u00e1veis por fechar lojas, como Rei das Colchas, Usaflex e Hering, que tiveram o funcionamento comprometido nos \u00faltimos dias. <\/p>\n<p>\u201cO furto de cabos gera um impacto muito relevante para o fornecimento de energia el\u00e9trica da cidade. Temos trabalhado de forma incans\u00e1vel para repor os fios no mais curto espa\u00e7o de tempo poss\u00edvel, mas precisamos dar um basta nessas a\u00e7\u00f5es, as quais t\u00eam prejudicado toda a sociedade\u201d, afirmou o supervisor operacional da Neoenergia Pernambuco, Marcos Eduardo.<\/p>\n<p>Apesar do aumento no n\u00famero de furtos em Garanhuns, este n\u00e3o \u00e9 um fato isolado do munic\u00edpio. Em todo o Estado, o n\u00famero de delitos deste tipo tem apresentado uma tend\u00eancia forte de crescimento. Em 2024, foram 950 ocorr\u00eancias. Em 2025, os n\u00fameros cresceram para 1.286 furtos. Essas a\u00e7\u00f5es criminosas impactaram diretamente mais de 42 mil clientes com a interrup\u00e7\u00e3o no fornecimento de energia. Foto: Divulga\u00e7\u00e3o<br \/>\nSiga o Instagram @portaledvaldomagalhaes<\/p>\n","protected":false},"excerpt":{"rendered":"<p>_N\u00famero tem impactado milhares de resid\u00eancias e com\u00e9rcios na cidade. Neoenergia tem trabalhado para repor os itens furtados no mais&hellip;<\/p>\n","protected":false},"author":1,"featured_media":126360,"comment_status":"closed","ping_status":"open","sticky":false,"template":"","format":"standard","meta":{"footnotes":""},"categories":[14120],"tags":[13146,35724,34634],"class_list":["post-126359","post","type-post","status-publish","format-standard","has-post-thumbnail","hentry","category-noticias","tag-blog-edvaldo-magalhaes","tag-garanhuns-registra-um-furto-de-fio-da-rede-de-distribuicao-de-energia-a-cada-30-horas","tag-portal-edvaldo-magalhaes"],"_links":{"self":[{"href":"https:\/\/blogdoedvaldomagalhaes.com.br\/index.php\/wp-json\/wp\/v2\/posts\/126359","targetHints":{"allow":["GET"]}}],"collection":[{"href":"https:\/\/blogdoedvaldomagalhaes.com.br\/index.php\/wp-json\/wp\/v2\/posts"}],"about":[{"href":"https:\/\/blogdoedvaldomagalhaes.com.br\/index.php\/wp-json\/wp\/v2\/types\/post"}],"author":[{"embeddable":true,"href":"https:\/\/blogdoedvaldomagalhaes.com.br\/index.php\/wp-json\/wp\/v2\/users\/1"}],"replies":[{"embeddable":true,"href":"https:\/\/blogdoedvaldomagalhaes.com.br\/index.php\/wp-json\/wp\/v2\/comments?post=126359"}],"version-history":[{"count":1,"href":"https:\/\/blogdoedvaldomagalhaes.com.br\/index.php\/wp-json\/wp\/v2\/posts\/126359\/revisions"}],"predecessor-version":[{"id":126361,"href":"https:\/\/blogdoedvaldomagalhaes.com.br\/index.php\/wp-json\/wp\/v2\/posts\/126359\/revisions\/126361"}],"wp:featuredmedia":[{"embeddable":true,"href":"https:\/\/blogdoedvaldomagalhaes.com.br\/index.php\/wp-json\/wp\/v2\/media\/126360"}],"wp:attachment":[{"href":"https:\/\/blogdoedvaldomagalhaes.com.br\/index.php\/wp-json\/wp\/v2\/media?parent=126359"}],"wp:term":[{"taxonomy":"category","embeddable":true,"href":"https:\/\/blogdoedvaldomagalhaes.com.br\/index.php\/wp-json\/wp\/v2\/categories?post=126359"},{"taxonomy":"post_tag","embeddable":true,"href":"https:\/\/blogdoedvaldomagalhaes.com.br\/index.php\/wp-json\/wp\/v2\/tags?post=126359"}],"curies":[{"name":"wp","href":"https:\/\/api.w.org\/{rel}","templated":true}]}}