{"id":126356,"date":"2026-01-26T10:46:38","date_gmt":"2026-01-26T13:46:38","guid":{"rendered":"https:\/\/blogdoedvaldomagalhaes.com.br\/?p=126356"},"modified":"2026-01-26T10:46:38","modified_gmt":"2026-01-26T13:46:38","slug":"sesc-discute-a-saude-mental-no-ambiente-de-trabalho-em-caruaru","status":"publish","type":"post","link":"https:\/\/blogdoedvaldomagalhaes.com.br\/index.php\/2026\/01\/26\/sesc-discute-a-saude-mental-no-ambiente-de-trabalho-em-caruaru\/","title":{"rendered":"Sesc discute a sa\u00fade mental no ambiente de trabalho, em Caruaru"},"content":{"rendered":"<p>Atualmente, uma das principais causas de afastamentos do trabalho tem sido a S\u00edndrome de Burnout, que provoca exaust\u00e3o f\u00edsica e mental, cansa\u00e7o extremo, irritabilidade, ins\u00f4nia, dores de cabe\u00e7a entre outros sintomas. O motivo principal \u00e9 o estresse cr\u00f4nico. O problema \u00e9 t\u00e3o s\u00e9rio que a OMS incluiu a s\u00edndrome como fen\u00f4meno ocupacional. No Brasil, o burnout passou a ser reconhecido oficialmente como doen\u00e7a relacionada ao trabalho em janeiro de 2025.  <\/p>\n<p>O tema ganha destaque, em Caruaru, no \u201cEncontro Sa\u00fade Mental, Trabalho e Responsabilidade Coletiva\u201d que o Sesc vai realizar nesta quarta-feira, dia 28 de janeiro, a partir das 14h, no Teatro Rui Limeira Rosal. O evento vai contar com palestra e mesa redonda. A entrada \u00e9 de 1kg de alimento n\u00e3o perec\u00edvel. Toda a arrecada\u00e7\u00e3o ser\u00e1 destinada ao programa de combate \u00e0 fome Sesc Mesa Brasil.<\/p>\n<p>O encontro traz \u00e0 tona a atualiza\u00e7\u00e3o da NR-1 (Norma Regulamentadora 1) que inclui a sa\u00fade mental e trata do gerenciamento dos riscos psicossociais nas empresas. \u201cTeremos a presen\u00e7a de especialistas em NR-1 das \u00e1reas de Psicologia, Recursos Humanos e Seguran\u00e7a do Trabalho, com orienta\u00e7\u00f5es para nos capacitar sobre a normativa que precisa ser aplicada nas empresas at\u00e9 maio deste ano\u201d, explica Katianny Torres, assistente social do Sesc Caruaru.<\/p>\n<p>Na abertura, a palestra magna \u201cSa\u00fade Mental no centro das decis\u00f5es: do indiv\u00edduo \u00e0 cultura organizacional\u201d, ser\u00e1 com o psic\u00f3logo Cl\u00e1udio Silva. Na sequ\u00eancia, a mesa redonda \u201cDa norma \u00e0 pr\u00e1tica: como promover sa\u00fade mental de forma \u00e9tica, legal e humana\u201d ter\u00e1 a participa\u00e7\u00e3o do psic\u00f3logo cl\u00ednico T\u00falio Melo, de Elthon Moreira Freire, diretor t\u00e9cnico e s\u00f3cio da Conecta EHS, e da psic\u00f3loga e gestora de Recursos Humanos Ione Sabrina.<br \/>\nSiga o Instagram @portaledvaldomagalhaes<br \/>\nFoto: Maker M\u00eddia<\/p>\n","protected":false},"excerpt":{"rendered":"<p>Atualmente, uma das principais causas de afastamentos do trabalho tem sido a S\u00edndrome de Burnout, que provoca exaust\u00e3o f\u00edsica e&hellip;<\/p>\n","protected":false},"author":1,"featured_media":126357,"comment_status":"closed","ping_status":"open","sticky":false,"template":"","format":"standard","meta":{"footnotes":""},"categories":[14120],"tags":[13146,370,34634,35722],"class_list":["post-126356","post","type-post","status-publish","format-standard","has-post-thumbnail","hentry","category-noticias","tag-blog-edvaldo-magalhaes","tag-em-caruaru","tag-portal-edvaldo-magalhaes","tag-sesc-discute-a-saude-mental-no-ambiente-de-trabalho"],"_links":{"self":[{"href":"https:\/\/blogdoedvaldomagalhaes.com.br\/index.php\/wp-json\/wp\/v2\/posts\/126356","targetHints":{"allow":["GET"]}}],"collection":[{"href":"https:\/\/blogdoedvaldomagalhaes.com.br\/index.php\/wp-json\/wp\/v2\/posts"}],"about":[{"href":"https:\/\/blogdoedvaldomagalhaes.com.br\/index.php\/wp-json\/wp\/v2\/types\/post"}],"author":[{"embeddable":true,"href":"https:\/\/blogdoedvaldomagalhaes.com.br\/index.php\/wp-json\/wp\/v2\/users\/1"}],"replies":[{"embeddable":true,"href":"https:\/\/blogdoedvaldomagalhaes.com.br\/index.php\/wp-json\/wp\/v2\/comments?post=126356"}],"version-history":[{"count":1,"href":"https:\/\/blogdoedvaldomagalhaes.com.br\/index.php\/wp-json\/wp\/v2\/posts\/126356\/revisions"}],"predecessor-version":[{"id":126358,"href":"https:\/\/blogdoedvaldomagalhaes.com.br\/index.php\/wp-json\/wp\/v2\/posts\/126356\/revisions\/126358"}],"wp:featuredmedia":[{"embeddable":true,"href":"https:\/\/blogdoedvaldomagalhaes.com.br\/index.php\/wp-json\/wp\/v2\/media\/126357"}],"wp:attachment":[{"href":"https:\/\/blogdoedvaldomagalhaes.com.br\/index.php\/wp-json\/wp\/v2\/media?parent=126356"}],"wp:term":[{"taxonomy":"category","embeddable":true,"href":"https:\/\/blogdoedvaldomagalhaes.com.br\/index.php\/wp-json\/wp\/v2\/categories?post=126356"},{"taxonomy":"post_tag","embeddable":true,"href":"https:\/\/blogdoedvaldomagalhaes.com.br\/index.php\/wp-json\/wp\/v2\/tags?post=126356"}],"curies":[{"name":"wp","href":"https:\/\/api.w.org\/{rel}","templated":true}]}}