{"id":126353,"date":"2026-01-26T10:02:19","date_gmt":"2026-01-26T13:02:19","guid":{"rendered":"https:\/\/blogdoedvaldomagalhaes.com.br\/?p=126353"},"modified":"2026-01-26T10:34:33","modified_gmt":"2026-01-26T13:34:33","slug":"acao-da-guarda-municipal-de-caruaru-apreende-celular-com-restricao-e-fortalece-combate-a-receptacao","status":"publish","type":"post","link":"https:\/\/blogdoedvaldomagalhaes.com.br\/index.php\/2026\/01\/26\/acao-da-guarda-municipal-de-caruaru-apreende-celular-com-restricao-e-fortalece-combate-a-receptacao\/","title":{"rendered":"A\u00e7\u00e3o da Guarda Municipal de Caruaru apreende celular com restri\u00e7\u00e3o e fortalece combate \u00e0 recepta\u00e7\u00e3o"},"content":{"rendered":"<p>Uma a\u00e7\u00e3o da Guarda Municipal de Caruaru resultou na apreens\u00e3o de um aparelho celular com registro de roubo ou furto, no domingo (25), por volta das 19h, no bairro Santa Rosa.<\/p>\n<p>Durante rondas de rotina, a equipe realizou a abordagem de um indiv\u00edduo que portava o equipamento. Ap\u00f3s verifica\u00e7\u00e3o do n\u00famero de identifica\u00e7\u00e3o (IMEI), foi constatado que o aparelho possu\u00eda restri\u00e7\u00e3o por perda, roubo ou furto. O abordado informou ter adquirido o celular na Feira do Troca.<\/p>\n<p>Diante da constata\u00e7\u00e3o, o suspeito foi encaminhado \u00e0 Delegacia de Pol\u00edcia para a ado\u00e7\u00e3o das medidas cab\u00edveis.<\/p>\n<p>A ocorr\u00eancia refor\u00e7a a atua\u00e7\u00e3o preventiva da Guarda Municipal e o compromisso da gest\u00e3o municipal com o fortalecimento da seguran\u00e7a p\u00fablica e o enfrentamento \u00e0 recepta\u00e7\u00e3o.<br \/>\nSiga o Instagram @portaledvaldomagalhaes<br \/>\nFoto: Divulga\u00e7\u00e3o <\/p>\n","protected":false},"excerpt":{"rendered":"<p>Uma a\u00e7\u00e3o da Guarda Municipal de Caruaru resultou na apreens\u00e3o de um aparelho celular com registro de roubo ou furto,&hellip;<\/p>\n","protected":false},"author":1,"featured_media":126354,"comment_status":"closed","ping_status":"open","sticky":false,"template":"","format":"standard","meta":{"footnotes":""},"categories":[14121],"tags":[35720,13146,34634],"class_list":["post-126353","post","type-post","status-publish","format-standard","has-post-thumbnail","hentry","category-policial","tag-acao-da-guarda-municipal-de-caruaru-apreende-celular-com-restricao-e-fortalece-combate-a-receptacao","tag-blog-edvaldo-magalhaes","tag-portal-edvaldo-magalhaes"],"_links":{"self":[{"href":"https:\/\/blogdoedvaldomagalhaes.com.br\/index.php\/wp-json\/wp\/v2\/posts\/126353","targetHints":{"allow":["GET"]}}],"collection":[{"href":"https:\/\/blogdoedvaldomagalhaes.com.br\/index.php\/wp-json\/wp\/v2\/posts"}],"about":[{"href":"https:\/\/blogdoedvaldomagalhaes.com.br\/index.php\/wp-json\/wp\/v2\/types\/post"}],"author":[{"embeddable":true,"href":"https:\/\/blogdoedvaldomagalhaes.com.br\/index.php\/wp-json\/wp\/v2\/users\/1"}],"replies":[{"embeddable":true,"href":"https:\/\/blogdoedvaldomagalhaes.com.br\/index.php\/wp-json\/wp\/v2\/comments?post=126353"}],"version-history":[{"count":1,"href":"https:\/\/blogdoedvaldomagalhaes.com.br\/index.php\/wp-json\/wp\/v2\/posts\/126353\/revisions"}],"predecessor-version":[{"id":126355,"href":"https:\/\/blogdoedvaldomagalhaes.com.br\/index.php\/wp-json\/wp\/v2\/posts\/126353\/revisions\/126355"}],"wp:featuredmedia":[{"embeddable":true,"href":"https:\/\/blogdoedvaldomagalhaes.com.br\/index.php\/wp-json\/wp\/v2\/media\/126354"}],"wp:attachment":[{"href":"https:\/\/blogdoedvaldomagalhaes.com.br\/index.php\/wp-json\/wp\/v2\/media?parent=126353"}],"wp:term":[{"taxonomy":"category","embeddable":true,"href":"https:\/\/blogdoedvaldomagalhaes.com.br\/index.php\/wp-json\/wp\/v2\/categories?post=126353"},{"taxonomy":"post_tag","embeddable":true,"href":"https:\/\/blogdoedvaldomagalhaes.com.br\/index.php\/wp-json\/wp\/v2\/tags?post=126353"}],"curies":[{"name":"wp","href":"https:\/\/api.w.org\/{rel}","templated":true}]}}