{"id":126350,"date":"2026-01-26T09:31:27","date_gmt":"2026-01-26T12:31:27","guid":{"rendered":"https:\/\/blogdoedvaldomagalhaes.com.br\/?p=126350"},"modified":"2026-01-26T09:35:48","modified_gmt":"2026-01-26T12:35:48","slug":"policia-identifica-e-prende-em-flagrante-envolvidos-em-confronto-de-torcidas","status":"publish","type":"post","link":"https:\/\/blogdoedvaldomagalhaes.com.br\/index.php\/2026\/01\/26\/policia-identifica-e-prende-em-flagrante-envolvidos-em-confronto-de-torcidas\/","title":{"rendered":"Pol\u00edcia identifica e prende em flagrante envolvidos em confronto de torcidas"},"content":{"rendered":"<p>A atua\u00e7\u00e3o integrada das for\u00e7as de seguran\u00e7a de Pernambuco resultou na identifica\u00e7\u00e3o e pris\u00e3o em flagrante de quatro suspeitos envolvidos em um confronto entre integrantes de torcidas organizadas do Santa Cruz e do Sport, ocorrido na manh\u00e3 do domingo (25), no Terminal Integrado do Barro, na Zona Oeste do Recife.<\/p>\n<p>Com base em imagens da briga, divulgadas em grupos operacionais do Batalh\u00e3o de Choque, as equipes que atuavam no policiamento do jogo passaram a realizar abordagens preventivas nos acessos \u00e0 Arena Pernambuco. Antes do t\u00e9rmino da partida, policiais do BPChoque, com apoio da intelig\u00eancia, conseguiram reconhecer dois dos suspeitos pelas vestes utilizadas durante o confronto.<\/p>\n<p>Outros dois envolvidos tamb\u00e9m foram identificados e localizados pouco tempo depois, totalizando quatro suspeitos conduzidos \u00e0 Delegacia de Pol\u00edcia de Repress\u00e3o \u00e0 Intoler\u00e2ncia Esportiva (DPRIE). Em seguida, eles foram encaminhados \u00e0 Central de Plant\u00f5es da Capital (CEPLANC), onde foram autuados em flagrante delito por Associa\u00e7\u00e3o Criminosa, Les\u00e3o Corporal, Provoca\u00e7\u00e3o de Tumulto e Dano Qualificado.<\/p>\n<p>Os suspeitos, com idades de 19, 21, 21 e 23 anos, permanecem \u00e0 disposi\u00e7\u00e3o da Justi\u00e7a e ser\u00e3o apresentados em audi\u00eancia de cust\u00f3dia. As investiga\u00e7\u00f5es seguem sob responsabilidade da Delegacia de Pol\u00edcia de Repress\u00e3o \u00e0 Intoler\u00e2ncia Esportiva.<\/p>\n<p>O confronto no TI do Barro, que aconteceu na manh\u00e3 do dommingo, foi registrado pela Pol\u00edcia Militar de Pernambuco, por meio do 12\u00ba Batalh\u00e3o da Pol\u00edcia Militar, que atuava no terminal no momento da ocorr\u00eancia. Diante da situa\u00e7\u00e3o, o efetivo solicitou apoio de guarni\u00e7\u00f5es t\u00e1ticas, como o GATI e o motopatrulhamento. Os envolvidos se dispersaram em diversas dire\u00e7\u00f5es. A ocorr\u00eancia danos ao patrim\u00f4nio.<\/p>\n<p>SEGURAN\u00c7A &#8211; A opera\u00e7\u00e3o de seguran\u00e7a da partida contou com 626 policiais militares. Desse total, 117 atuaram na \u00e1rea interna da Arena Pernambuco, com efetivo do Batalh\u00e3o de Choque e da Companhia Independente de Policiamento com C\u00e3es. A \u00e1rea externa e as principais vias de acesso foram cobertas por 509 policiais, sob coordena\u00e7\u00e3o do 20\u00ba Batalh\u00e3o. Policiais do Batalh\u00e3o de Pol\u00edcia Rodovi\u00e1ria (BPRv), Regimento de Pol\u00edcia Montada (RPMon) e Companhia Independente de Policiamento com Motocicleta (CIPMoto) tamb\u00e9m fizeram parte da opera\u00e7\u00e3o. <\/p>\n<p>As esta\u00e7\u00f5es do metr\u00f4 e terminais integrados de passageiros receberam guarni\u00e7\u00f5es da PMPE que fizeram o patrulhamento motorizado, visando inibir a a\u00e7\u00e3o de v\u00e2ndalos. Toda opera\u00e7\u00e3o policial foi monitorada pelo Centro Integrado de Comando e Controle Estadual (CICCE).<\/p>\n<p>A Pol\u00edcia Civil esteve \u00e0 disposi\u00e7\u00e3o atrav\u00e9s da Delegacia de Pol\u00edcia de Repress\u00e3o \u00e0 Intoler\u00e2ncia Esportiva, al\u00e9m das delegacias de plant\u00f5es, para atender as ocorr\u00eancias relacionadas ao jogo. Equipes do Corpo de Bombeiros estiveram a postos na Arena Pernambuco com uma viatura de resgate, uma viatura de combate a inc\u00eandio e outra de comando operacional, em caso de necessidade de atendimento por parte do efetivo bombeiro militar.<br \/>\nSiga o Instagram @portaledvaldomagalhaes<br \/>\nFoto: Reprodu\u00e7\u00e3o <\/p>\n","protected":false},"excerpt":{"rendered":"<p>A atua\u00e7\u00e3o integrada das for\u00e7as de seguran\u00e7a de Pernambuco resultou na identifica\u00e7\u00e3o e pris\u00e3o em flagrante de quatro suspeitos envolvidos&hellip;<\/p>\n","protected":false},"author":1,"featured_media":126352,"comment_status":"closed","ping_status":"open","sticky":false,"template":"","format":"standard","meta":{"footnotes":""},"categories":[14121],"tags":[13146,35719,34634],"class_list":["post-126350","post","type-post","status-publish","format-standard","has-post-thumbnail","hentry","category-policial","tag-blog-edvaldo-magalhaes","tag-policia-identifica-e-prende-em-flagrante-envolvidos-em-confronto-de-torcidas","tag-portal-edvaldo-magalhaes"],"_links":{"self":[{"href":"https:\/\/blogdoedvaldomagalhaes.com.br\/index.php\/wp-json\/wp\/v2\/posts\/126350","targetHints":{"allow":["GET"]}}],"collection":[{"href":"https:\/\/blogdoedvaldomagalhaes.com.br\/index.php\/wp-json\/wp\/v2\/posts"}],"about":[{"href":"https:\/\/blogdoedvaldomagalhaes.com.br\/index.php\/wp-json\/wp\/v2\/types\/post"}],"author":[{"embeddable":true,"href":"https:\/\/blogdoedvaldomagalhaes.com.br\/index.php\/wp-json\/wp\/v2\/users\/1"}],"replies":[{"embeddable":true,"href":"https:\/\/blogdoedvaldomagalhaes.com.br\/index.php\/wp-json\/wp\/v2\/comments?post=126350"}],"version-history":[{"count":1,"href":"https:\/\/blogdoedvaldomagalhaes.com.br\/index.php\/wp-json\/wp\/v2\/posts\/126350\/revisions"}],"predecessor-version":[{"id":126351,"href":"https:\/\/blogdoedvaldomagalhaes.com.br\/index.php\/wp-json\/wp\/v2\/posts\/126350\/revisions\/126351"}],"wp:featuredmedia":[{"embeddable":true,"href":"https:\/\/blogdoedvaldomagalhaes.com.br\/index.php\/wp-json\/wp\/v2\/media\/126352"}],"wp:attachment":[{"href":"https:\/\/blogdoedvaldomagalhaes.com.br\/index.php\/wp-json\/wp\/v2\/media?parent=126350"}],"wp:term":[{"taxonomy":"category","embeddable":true,"href":"https:\/\/blogdoedvaldomagalhaes.com.br\/index.php\/wp-json\/wp\/v2\/categories?post=126350"},{"taxonomy":"post_tag","embeddable":true,"href":"https:\/\/blogdoedvaldomagalhaes.com.br\/index.php\/wp-json\/wp\/v2\/tags?post=126350"}],"curies":[{"name":"wp","href":"https:\/\/api.w.org\/{rel}","templated":true}]}}