{"id":126345,"date":"2026-01-25T16:39:43","date_gmt":"2026-01-25T19:39:43","guid":{"rendered":"https:\/\/blogdoedvaldomagalhaes.com.br\/?p=126345"},"modified":"2026-01-25T16:39:43","modified_gmt":"2026-01-25T19:39:43","slug":"denuncia-pelo-153-da-guarda-municipal-evita-furto-de-canos-de-abastecimento-de-agua-em-caruaru","status":"publish","type":"post","link":"https:\/\/blogdoedvaldomagalhaes.com.br\/index.php\/2026\/01\/25\/denuncia-pelo-153-da-guarda-municipal-evita-furto-de-canos-de-abastecimento-de-agua-em-caruaru\/","title":{"rendered":"Den\u00fancia pelo 153 da Guarda Municipal  evita furto de canos de abastecimento de \u00e1gua em Caruaru"},"content":{"rendered":"<p>Uma den\u00fancia feita pelo telefone 153 levou a Guarda Municipal a impedir o furto de canos pertencentes \u00e0 Compesa, na manh\u00e3 deste domingo (25), no bairro Salgado, em Caruaru.<\/p>\n<p>No local, as equipes encontraram um caminh\u00e3o guindaste e pessoas prestes a remover o material, que j\u00e1 estava sendo preparado para transporte. A a\u00e7\u00e3o imediata evitou a retirada dos canos e levantou ind\u00edcios de que a pr\u00e1tica j\u00e1 teria ocorrido anteriormente no mesmo endere\u00e7o.<\/p>\n<p>Os envolvidos foram encaminhados \u00e0 delegacia para as provid\u00eancias cab\u00edveis. A ocorr\u00eancia integra as a\u00e7\u00f5es da pol\u00edtica municipal de seguran\u00e7a, que aposta na tecnologia, no patrulhamento preventivo e na participa\u00e7\u00e3o popular.<\/p>\n<p>A Secretaria de Seguran\u00e7a Municipal refor\u00e7a que o telefone 153 funciona 24 horas por dia e \u00e9 um instrumento fundamental para que a popula\u00e7\u00e3o contribua com a preserva\u00e7\u00e3o do patrim\u00f4nio p\u00fablico e a prote\u00e7\u00e3o dos servi\u00e7os essenciais, fortalecendo a parceria entre comunidade e Guarda Municipal.<br \/>\nSiga o Instagram @portaledvaldomagalhaes<br \/>\nFoto: Divulga\u00e7\u00e3o <\/p>\n","protected":false},"excerpt":{"rendered":"<p>Uma den\u00fancia feita pelo telefone 153 levou a Guarda Municipal a impedir o furto de canos pertencentes \u00e0 Compesa, na&hellip;<\/p>\n","protected":false},"author":1,"featured_media":126346,"comment_status":"closed","ping_status":"open","sticky":false,"template":"","format":"standard","meta":{"footnotes":""},"categories":[14121],"tags":[13146,35717,34634],"class_list":["post-126345","post","type-post","status-publish","format-standard","has-post-thumbnail","hentry","category-policial","tag-blog-edvaldo-magalhaes","tag-denuncia-pelo-153-da-guarda-municipal-evita-furto-de-canos-de-abastecimento-de-agua-em-caruaru","tag-portal-edvaldo-magalhaes"],"_links":{"self":[{"href":"https:\/\/blogdoedvaldomagalhaes.com.br\/index.php\/wp-json\/wp\/v2\/posts\/126345","targetHints":{"allow":["GET"]}}],"collection":[{"href":"https:\/\/blogdoedvaldomagalhaes.com.br\/index.php\/wp-json\/wp\/v2\/posts"}],"about":[{"href":"https:\/\/blogdoedvaldomagalhaes.com.br\/index.php\/wp-json\/wp\/v2\/types\/post"}],"author":[{"embeddable":true,"href":"https:\/\/blogdoedvaldomagalhaes.com.br\/index.php\/wp-json\/wp\/v2\/users\/1"}],"replies":[{"embeddable":true,"href":"https:\/\/blogdoedvaldomagalhaes.com.br\/index.php\/wp-json\/wp\/v2\/comments?post=126345"}],"version-history":[{"count":1,"href":"https:\/\/blogdoedvaldomagalhaes.com.br\/index.php\/wp-json\/wp\/v2\/posts\/126345\/revisions"}],"predecessor-version":[{"id":126347,"href":"https:\/\/blogdoedvaldomagalhaes.com.br\/index.php\/wp-json\/wp\/v2\/posts\/126345\/revisions\/126347"}],"wp:featuredmedia":[{"embeddable":true,"href":"https:\/\/blogdoedvaldomagalhaes.com.br\/index.php\/wp-json\/wp\/v2\/media\/126346"}],"wp:attachment":[{"href":"https:\/\/blogdoedvaldomagalhaes.com.br\/index.php\/wp-json\/wp\/v2\/media?parent=126345"}],"wp:term":[{"taxonomy":"category","embeddable":true,"href":"https:\/\/blogdoedvaldomagalhaes.com.br\/index.php\/wp-json\/wp\/v2\/categories?post=126345"},{"taxonomy":"post_tag","embeddable":true,"href":"https:\/\/blogdoedvaldomagalhaes.com.br\/index.php\/wp-json\/wp\/v2\/tags?post=126345"}],"curies":[{"name":"wp","href":"https:\/\/api.w.org\/{rel}","templated":true}]}}