{"id":126342,"date":"2026-01-25T14:24:55","date_gmt":"2026-01-25T17:24:55","guid":{"rendered":"https:\/\/blogdoedvaldomagalhaes.com.br\/?p=126342"},"modified":"2026-01-25T14:24:55","modified_gmt":"2026-01-25T17:24:55","slug":"carro-atropela-cavalo-em-seguida-segundo-veiculo-colide-com-animal","status":"publish","type":"post","link":"https:\/\/blogdoedvaldomagalhaes.com.br\/index.php\/2026\/01\/25\/carro-atropela-cavalo-em-seguida-segundo-veiculo-colide-com-animal\/","title":{"rendered":"Carro atropela cavalo, em seguida, segundo ve\u00edculo colide com animal"},"content":{"rendered":"<p>A Pol\u00edcia Rodovi\u00e1ria Federal (PRF) foi acionada \u00e0s 4h30 da madrugada deste domingo (25.01) para atendimento de um sinistro de tr\u00e2nsito ocorrido no km 41 da BR-232, sentido decrescente, no munic\u00edpio de Vit\u00f3ria de Santo Ant\u00e3o.<\/p>\n<p>De acordo com levantamentos preliminares, o sinistro teve in\u00edcio com o atropelamento de um animal que se encontrava sobre a pista. O ve\u00edculo respons\u00e1vel pelo primeiro impacto n\u00e3o estava mais no local no momento da chegada da equipe da PRF. Em seguida, um segundo ve\u00edculo colidiu com o animal, j\u00e1 sem vida, permanecendo imobilizado sobre a rodovia, ao lado do animal.<\/p>\n<p>Em raz\u00e3o da posi\u00e7\u00e3o do ve\u00edculo e do obst\u00e1culo na via, houve interdi\u00e7\u00e3o parcial da pista, com o fluxo de ve\u00edculos sendo desviado por um acesso pr\u00f3ximo a uma parada de \u00f4nibus.<\/p>\n<p>Os primeiros atendimentos foram realizados pela Pol\u00edcia Militar e pela Guarda Municipal de Vit\u00f3ria de Santo Ant\u00e3o. A PRF realizou os procedimentos cab\u00edveis, orientou o tr\u00e1fego e adotou as medidas necess\u00e1rias para garantir a seguran\u00e7a vi\u00e1ria no local.<br \/>\nSiga o Instagram @portaledvaldomagalhaes.<br \/>\nFoto: Divulga\u00e7\u00e3o <\/p>\n","protected":false},"excerpt":{"rendered":"<p>A Pol\u00edcia Rodovi\u00e1ria Federal (PRF) foi acionada \u00e0s 4h30 da madrugada deste domingo (25.01) para atendimento de um sinistro de&hellip;<\/p>\n","protected":false},"author":1,"featured_media":126343,"comment_status":"closed","ping_status":"open","sticky":false,"template":"","format":"standard","meta":{"footnotes":""},"categories":[14120],"tags":[14276,13146,34634,30295],"class_list":["post-126342","post","type-post","status-publish","format-standard","has-post-thumbnail","hentry","category-noticias","tag-acidente","tag-blog-edvaldo-magalhaes","tag-portal-edvaldo-magalhaes","tag-sinistro"],"_links":{"self":[{"href":"https:\/\/blogdoedvaldomagalhaes.com.br\/index.php\/wp-json\/wp\/v2\/posts\/126342","targetHints":{"allow":["GET"]}}],"collection":[{"href":"https:\/\/blogdoedvaldomagalhaes.com.br\/index.php\/wp-json\/wp\/v2\/posts"}],"about":[{"href":"https:\/\/blogdoedvaldomagalhaes.com.br\/index.php\/wp-json\/wp\/v2\/types\/post"}],"author":[{"embeddable":true,"href":"https:\/\/blogdoedvaldomagalhaes.com.br\/index.php\/wp-json\/wp\/v2\/users\/1"}],"replies":[{"embeddable":true,"href":"https:\/\/blogdoedvaldomagalhaes.com.br\/index.php\/wp-json\/wp\/v2\/comments?post=126342"}],"version-history":[{"count":1,"href":"https:\/\/blogdoedvaldomagalhaes.com.br\/index.php\/wp-json\/wp\/v2\/posts\/126342\/revisions"}],"predecessor-version":[{"id":126344,"href":"https:\/\/blogdoedvaldomagalhaes.com.br\/index.php\/wp-json\/wp\/v2\/posts\/126342\/revisions\/126344"}],"wp:featuredmedia":[{"embeddable":true,"href":"https:\/\/blogdoedvaldomagalhaes.com.br\/index.php\/wp-json\/wp\/v2\/media\/126343"}],"wp:attachment":[{"href":"https:\/\/blogdoedvaldomagalhaes.com.br\/index.php\/wp-json\/wp\/v2\/media?parent=126342"}],"wp:term":[{"taxonomy":"category","embeddable":true,"href":"https:\/\/blogdoedvaldomagalhaes.com.br\/index.php\/wp-json\/wp\/v2\/categories?post=126342"},{"taxonomy":"post_tag","embeddable":true,"href":"https:\/\/blogdoedvaldomagalhaes.com.br\/index.php\/wp-json\/wp\/v2\/tags?post=126342"}],"curies":[{"name":"wp","href":"https:\/\/api.w.org\/{rel}","templated":true}]}}