{"id":126337,"date":"2026-01-24T23:19:26","date_gmt":"2026-01-25T02:19:26","guid":{"rendered":"https:\/\/blogdoedvaldomagalhaes.com.br\/?p=126337"},"modified":"2026-01-24T23:22:58","modified_gmt":"2026-01-25T02:22:58","slug":"vereador-hugo-leonardo-celebra-aniversario-de-80-anos-do-pai-leonardo-chaves","status":"publish","type":"post","link":"https:\/\/blogdoedvaldomagalhaes.com.br\/index.php\/2026\/01\/24\/vereador-hugo-leonardo-celebra-aniversario-de-80-anos-do-pai-leonardo-chaves\/","title":{"rendered":"Vereador Hugo Leonardo celebra anivers\u00e1rio de 80 anos do pai, Leonardo Chaves"},"content":{"rendered":"<p>O ex-vereador Leonardo Chaves comemora, nesta sexta-feira (23), em Caruaru, 80 anos de vida.\u00a0 Ap\u00f3s 48 anos ininterruptos de mandatos na C\u00e2mara Municipal de Vereadores, nas Elei\u00e7\u00f5es Municipais 2024, ele celebrou a elei\u00e7\u00e3o de seu filho Hugo Leonardo Chaves, que vem dando sequ\u00eancia com compet\u00eancia e dedica\u00e7\u00e3o, ao seu legado legislativo em prol de melhorias para a popula\u00e7\u00e3o caruaruense.<\/p>\n<p>Leonardo Chaves iniciou sua trajet\u00f3ria pol\u00edtica em 1976 e foi eleito vereador por 12 mandatos consecutivos \u2013 um recorde no Brasil. Ap\u00f3s quase cinco d\u00e9cadas de atua\u00e7\u00e3o exitosa como parlamentar, ele encerrou as suas atividades como vereador de Caruaru, em dezembro de 2024, quando foi homenageado, tendo o seu legado reconhecido na Casa, com a aprova\u00e7\u00e3o de forma un\u00e2nime, do projeto que renomeou o plen\u00e1rio da Casa Legislativa para \u201cPlen\u00e1rio Vereador Leonardo Chaves\u201d.<\/p>\n<p>Na ocasi\u00e3o, a reuni\u00e3o emocionou autoridades, familiares e o p\u00fablico presente pelo reconhecimento em vida por todo o trabalho desenvolvido por Leonardo Chaves, direcionado para zona urbana e rural do munic\u00edpio.<\/p>\n<p>Tendo a sua carreira legislativa resumida\u00a0como a de um verdadeiro \u201cservo do povo\u201d, que participou de momentos hist\u00f3ricos, como a cria\u00e7\u00e3o da Lei Org\u00e2nica do Munic\u00edpio, a mudan\u00e7a do local da Feira e a cria\u00e7\u00e3o de um fundo para a constru\u00e7\u00e3o da sede pr\u00f3pria da C\u00e2mara, Leonardo \u00e9 considerado um dos principais nomes da hist\u00f3ria pol\u00edtica da Capital do Agreste.<\/p>\n<p>\u201cCelebrar o anivers\u00e1rio dele \u00e9 motivo de muita alegria e satisfa\u00e7\u00e3o, n\u00e3o s\u00f3 para mim, como tamb\u00e9m para todos os familiares e amigos, que t\u00eam a honra de conviver com a sua pessoa. Na C\u00e2mara, tenho me esfor\u00e7ado bastante para\u00a0 dar sequ\u00eancia ao seu legado, conforme ele me ensinou, priorizando sempre a aplicabilidade de melhorias nas vidas dos caruaruenses\u201d, destacou o vereador Hugo Leonardo Chaves.<br \/><span style=\"font-size: revert;\">Por Pedro Augusto\/Jornalista. \u00a0 \u00a0 <br \/><\/span>Siga o Instagram @portaledvaldomagalhaes. \u00a0<br \/>Foto: Reprodu\u00e7\u00e3o\/Redes Sociais\u00a0<\/p>\n\n\n<p><\/p>\n","protected":false},"excerpt":{"rendered":"<p>O ex-vereador Leonardo Chaves comemora, nesta sexta-feira (23), em Caruaru, 80 anos de vida.\u00a0 Ap\u00f3s 48 anos ininterruptos de mandatos&hellip;<\/p>\n","protected":false},"author":1,"featured_media":126338,"comment_status":"closed","ping_status":"open","sticky":false,"template":"","format":"standard","meta":{"footnotes":""},"categories":[14120],"tags":[13146,35708,4648,34634],"class_list":["post-126337","post","type-post","status-publish","format-standard","has-post-thumbnail","hentry","category-noticias","tag-blog-edvaldo-magalhaes","tag-hugo-leonardo-chaves","tag-leonardo-chaves","tag-portal-edvaldo-magalhaes"],"_links":{"self":[{"href":"https:\/\/blogdoedvaldomagalhaes.com.br\/index.php\/wp-json\/wp\/v2\/posts\/126337","targetHints":{"allow":["GET"]}}],"collection":[{"href":"https:\/\/blogdoedvaldomagalhaes.com.br\/index.php\/wp-json\/wp\/v2\/posts"}],"about":[{"href":"https:\/\/blogdoedvaldomagalhaes.com.br\/index.php\/wp-json\/wp\/v2\/types\/post"}],"author":[{"embeddable":true,"href":"https:\/\/blogdoedvaldomagalhaes.com.br\/index.php\/wp-json\/wp\/v2\/users\/1"}],"replies":[{"embeddable":true,"href":"https:\/\/blogdoedvaldomagalhaes.com.br\/index.php\/wp-json\/wp\/v2\/comments?post=126337"}],"version-history":[{"count":2,"href":"https:\/\/blogdoedvaldomagalhaes.com.br\/index.php\/wp-json\/wp\/v2\/posts\/126337\/revisions"}],"predecessor-version":[{"id":126341,"href":"https:\/\/blogdoedvaldomagalhaes.com.br\/index.php\/wp-json\/wp\/v2\/posts\/126337\/revisions\/126341"}],"wp:featuredmedia":[{"embeddable":true,"href":"https:\/\/blogdoedvaldomagalhaes.com.br\/index.php\/wp-json\/wp\/v2\/media\/126338"}],"wp:attachment":[{"href":"https:\/\/blogdoedvaldomagalhaes.com.br\/index.php\/wp-json\/wp\/v2\/media?parent=126337"}],"wp:term":[{"taxonomy":"category","embeddable":true,"href":"https:\/\/blogdoedvaldomagalhaes.com.br\/index.php\/wp-json\/wp\/v2\/categories?post=126337"},{"taxonomy":"post_tag","embeddable":true,"href":"https:\/\/blogdoedvaldomagalhaes.com.br\/index.php\/wp-json\/wp\/v2\/tags?post=126337"}],"curies":[{"name":"wp","href":"https:\/\/api.w.org\/{rel}","templated":true}]}}