{"id":126334,"date":"2026-01-24T21:07:35","date_gmt":"2026-01-25T00:07:35","guid":{"rendered":"https:\/\/blogdoedvaldomagalhaes.com.br\/?p=126334"},"modified":"2026-01-24T21:11:53","modified_gmt":"2026-01-25T00:11:53","slug":"entre-a-nostalgia-e-a-esperanca-reflexoes-de-um-pre-candidato-que-acredita-no-brasil-por-jose-fernando-santos-de-souza","status":"publish","type":"post","link":"https:\/\/blogdoedvaldomagalhaes.com.br\/index.php\/2026\/01\/24\/entre-a-nostalgia-e-a-esperanca-reflexoes-de-um-pre-candidato-que-acredita-no-brasil-por-jose-fernando-santos-de-souza\/","title":{"rendered":"Entre a Nostalgia e a Esperan\u00e7a: Reflex\u00f5es de um Pr\u00e9-Candidato que Acredita no Brasil &#8211; Por Jos\u00e9 Fernando Santos de Souza"},"content":{"rendered":"<p>Juiz de Direito Aposentado do TJPE, Advogado (OAB\/PE 68.040) e Pr\u00e9-Candidato a Deputado Federal por Pernambuco<br \/>\nNasci em 1960. Fui abandonado rec\u00e9m-nascido em uma caixa de sapatos, numa pra\u00e7a p\u00fablica de Jo\u00e3o Pessoa. Poderia ter sido apenas mais uma estat\u00edstica tr\u00e1gica, mais uma crian\u00e7a esquecida pelo destino. Mas fui acolhido, amado, e tive a oportunidade de construir uma vida dedicada \u00e0 Justi\u00e7a e \u00e0 prote\u00e7\u00e3o daqueles que, como eu um dia fui, encontram-se em situa\u00e7\u00e3o de vulnerabilidade.<br \/>\nPerten\u00e7o a uma gera\u00e7\u00e3o que viveu o Brasil da Copa de 1970, do tricampeonato que uniu a na\u00e7\u00e3o em torno de uma televis\u00e3o em preto e branco, quando as fam\u00edlias se reuniam e as crian\u00e7as brincavam nas ruas sem medo. Era o tempo do guaran\u00e1 Champagne Antarctica gelado, da pasta Kolynos que hoje j\u00e1 n\u00e3o existe mais, dos bailes nos clubes de bairro onde os jovens se encontravam sob o olhar atento dos mais velhos.<br \/>\nEm Jo\u00e3o Pessoa, minha cidade natal, os cinemas Plaza e Municipal, no centro, eram catedrais da s\u00e9tima arte, onde fam\u00edlias inteiras iam assistir aos filmes do momento. As m\u00fasicas que tocavam nos r\u00e1dios \u2014 Roberto Carlos, Elis Regina, Tim Maia \u2014 ainda hoje ecoam em nossos ouvidos como trilha sonora de um tempo que, apesar de suas imperfei\u00e7\u00f5es, preservava certos valores fundamentais.<br \/>\nO Contraste Que D\u00f3i na Alma<br \/>\nOlho para o Brasil de hoje e meu cora\u00e7\u00e3o se aperta. O que vejo em grande parte da produ\u00e7\u00e3o cultural que alcan\u00e7a nossa juventude? Apologia ao crime, naturaliza\u00e7\u00e3o do uso de drogas il\u00edcitas, banaliza\u00e7\u00e3o da viol\u00eancia, objetifica\u00e7\u00e3o do ser humano. As letras que antes falavam de amor, de esperan\u00e7a, de sonhos, foram substitu\u00eddas por conte\u00fados que envergonhariam nossos av\u00f3s.<br \/>\nE o mais grave: questionar essa realidade tornou-se quase um ato de coragem temer\u00e1ria. Falar abertamente contra o tr\u00e1fico de drogas, defender um programa nacional s\u00e9rio de combate aos entorpecentes, pode custar caro a quem se atreve. Vivemos tempos em que a verdade se tornou subversiva e a defesa dos valores fundamentais \u00e9 tratada como retr\u00f3grada.<br \/>\nH\u00e1 quem diga que cada um faz o que quer da pr\u00f3pria vida, que ningu\u00e9m tem o direito de &#8220;meter o bedelho&#8221; na exist\u00eancia alheia. \u00c9 a filosofia do &#8220;deixa estar&#8221; elevada a princ\u00edpio moral supremo. Mas essa pretensa liberdade irrestrita \u00e9 uma armadilha, especialmente quando se trata de nossas crian\u00e7as e adolescentes, que s\u00e3o bombardeados diariamente por mensagens que os conduzem \u00e0 destrui\u00e7\u00e3o.<br \/>\nUma Candidatura Sem Padrinhos, Mas Com Prop\u00f3sito<br \/>\nAo me lan\u00e7ar pr\u00e9-candidato a Deputado Federal por Pernambuco, n\u00e3o tardei a perceber a realidade crua da pol\u00edtica brasileira. N\u00e3o tenho padrinho pol\u00edtico. N\u00e3o disponho de fortunas para financiar campanhas milion\u00e1rias. N\u00e3o ofere\u00e7o vantagens a quem me apoiar, sen\u00e3o o compromisso com uma causa que considero sagrada.<br \/>\nOs pol\u00edticos profissionais, aqueles que transformaram o servi\u00e7o p\u00fablico em neg\u00f3cio particular, olham para minha candidatura com indiferen\u00e7a ou desd\u00e9m. Para eles, candidato sem dinheiro \u00e9 candidato sem viabilidade. E talvez tenham raz\u00e3o, segundo a l\u00f3gica perversa que domina nosso sistema eleitoral.<br \/>\nMas eu me recuso a aceitar essa l\u00f3gica como definitiva.<br \/>\nPor Que Insisto?<br \/>\nInsisto porque carreguei, durante mais de trinta anos de magistratura, a responsabilidade de decidir sobre o destino de milhares de crian\u00e7as e adolescentes. Como Juiz Regional da Inf\u00e2ncia e Juventude, percorri 42 munic\u00edpios do Agreste pernambucano, conhecendo de perto a realidade de jovens abandonados, explorados, violentados, aliciados pelo crime organizado.<br \/>\nInsisto porque sei que, por tr\u00e1s de cada menor em conflito com a lei, existe uma hist\u00f3ria de aus\u00eancia do Estado, de fam\u00edlias desestruturadas, de escolas que n\u00e3o acolhem, de comunidades dominadas pelo medo.<br \/>\nInsisto porque acredito que o Brasil precisa de vozes que falem em nome daqueles que n\u00e3o t\u00eam voz, que defendam aqueles que n\u00e3o podem se defender.<br \/>\nMas, acima de tudo, insisto pelos meus seis netos.<br \/>\nQuando olho nos olhos de cada um deles, vejo o Brasil que ainda pode ser. Vejo a inoc\u00eancia que precisa ser protegida, os sonhos que merecem florescer, o futuro que temos a obriga\u00e7\u00e3o de construir. N\u00e3o posso, em s\u00e3 consci\u00eancia, cruzar os bra\u00e7os enquanto o pa\u00eds que deixarei para eles se deteriora a cada dia. Que av\u00f4 seria eu se, podendo fazer algo, escolhesse o conforto do sil\u00eancio? Que legado deixaria se, tendo voz, preferisse me calar?<br \/>\nCada proposta que defendo, cada bandeira que levanto, carrega o rosto dos meus netos \u2014 e, com eles, o rosto de todas as crian\u00e7as e adolescentes de Pernambuco e do Brasil. \u00c9 por eles que me levanto todas as manh\u00e3s disposto a continuar essa luta, mesmo quando as portas se fecham e os apoios n\u00e3o chegam.<br \/>\nMinhas Bandeiras<br \/>\nN\u00e3o me apresento com promessas mirabolantes nem com solu\u00e7\u00f5es m\u00e1gicas. Apresento-me com propostas concretas, nascidas da experi\u00eancia pr\u00e1tica:<br \/>\nDefendo o fortalecimento dos CRAS e CREAS, para que a assist\u00eancia social chegue efetivamente \u00e0s fam\u00edlias que necessitam. Proponho um piso nacional digno para os Conselheiros Tutelares, esses guerreiros an\u00f4nimos que trabalham na linha de frente da prote\u00e7\u00e3o \u00e0 inf\u00e2ncia, muitas vezes em condi\u00e7\u00f5es prec\u00e1rias. Luto pela reforma do sistema socioeducativo, para que as medidas aplicadas aos adolescentes em conflito com a lei cumpram sua fun\u00e7\u00e3o pedag\u00f3gica e ressocializadora, e n\u00e3o sejam apenas antessalas do sistema prisional adulto.<br \/>\nA Voz do Povo<br \/>\nH\u00e1 um ditado antigo que diz: &#8220;A voz do povo \u00e9 a voz de Deus&#8221;. Se o povo de Pernambuco n\u00e3o quiser, n\u00e3o apoiar o que estou defendendo, aceitarei com serenidade o veredicto das urnas. N\u00e3o sou daqueles que se apegam ao poder ou que veem na pol\u00edtica um fim em si mesmo.<br \/>\nMas, enquanto houver f\u00f4lego em meus pulm\u00f5es e esperan\u00e7a em meu cora\u00e7\u00e3o, continuarei levantando a voz pelas crian\u00e7as e adolescentes deste Estado e deste pa\u00eds. Continuarei denunciando o abandono a que s\u00e3o relegados, a neglig\u00eancia dos poderes constitu\u00eddos, a hipocrisia de uma sociedade que se diz protetora mas permite que milh\u00f5es de jovens sejam devorados pelo crime, pelas drogas, pela prostitui\u00e7\u00e3o.<br \/>\nUm Chamado \u00e0 Consci\u00eancia<br \/>\nEscrevo estas linhas n\u00e3o apenas como pr\u00e9-candidato, mas como cidad\u00e3o que testemunhou seis d\u00e9cadas de hist\u00f3ria brasileira. Como algu\u00e9m que poderia ter sido mais uma v\u00edtima, mas que, pela gra\u00e7a de Deus e pelo amor de pais adotivos, teve a chance de servir. E como av\u00f4 de seis netos que merecem herdar um Brasil melhor do que este que hoje se apresenta diante de n\u00f3s.<br \/>\nTempos dif\u00edceis exigem pessoas dispostas a enfrent\u00e1-los. N\u00e3o com viol\u00eancia, n\u00e3o com radicalismo, mas com firmeza de prop\u00f3sitos e clareza de valores. Se os dias s\u00e3o de trevas, que sejamos luz. Se a sociedade caminha para o abismo, que ergamos nossas vozes em alerta.<br \/>\nN\u00e3o sei o que o futuro reserva para minha candidatura. Sei apenas que n\u00e3o me calarei. Que continuarei defendendo aqueles que considero os mais preciosos membros de nossa sociedade: nossas crian\u00e7as e nossos adolescentes.<br \/>\nPorque eles s\u00e3o o Brasil de amanh\u00e3. E o amanh\u00e3 que construirmos para eles ser\u00e1 o espelho da sociedade que escolhemos ser hoje.<br \/>\nJos\u00e9 Fernando Santos de Souza \u00e9 Juiz de Direito Aposentado do Tribunal de Justi\u00e7a de Pernambuco, com mais de 30 anos de experi\u00eancia na magistratura, advogado, Presidente da AANE (Associa\u00e7\u00e3o de Apoio \u00e0s Pessoas com Necessidades Especiais) e membro da Comiss\u00e3o de Direitos Humanos da OAB\/PE. \u00c9 pr\u00e9-candidato a Deputado Federal pela Federa\u00e7\u00e3o PRD\/Solidariedade.<\/p>\n","protected":false},"excerpt":{"rendered":"<p>Juiz de Direito Aposentado do TJPE, Advogado (OAB\/PE 68.040) e Pr\u00e9-Candidato a Deputado Federal por Pernambuco Nasci em 1960. Fui&hellip;<\/p>\n","protected":false},"author":1,"featured_media":126336,"comment_status":"closed","ping_status":"open","sticky":false,"template":"","format":"standard","meta":{"footnotes":""},"categories":[14122],"tags":[13146,13961,20,34634],"class_list":["post-126334","post","type-post","status-publish","format-standard","has-post-thumbnail","hentry","category-politica","tag-blog-edvaldo-magalhaes","tag-jose-fernando-santos-de-souza","tag-politica","tag-portal-edvaldo-magalhaes"],"_links":{"self":[{"href":"https:\/\/blogdoedvaldomagalhaes.com.br\/index.php\/wp-json\/wp\/v2\/posts\/126334","targetHints":{"allow":["GET"]}}],"collection":[{"href":"https:\/\/blogdoedvaldomagalhaes.com.br\/index.php\/wp-json\/wp\/v2\/posts"}],"about":[{"href":"https:\/\/blogdoedvaldomagalhaes.com.br\/index.php\/wp-json\/wp\/v2\/types\/post"}],"author":[{"embeddable":true,"href":"https:\/\/blogdoedvaldomagalhaes.com.br\/index.php\/wp-json\/wp\/v2\/users\/1"}],"replies":[{"embeddable":true,"href":"https:\/\/blogdoedvaldomagalhaes.com.br\/index.php\/wp-json\/wp\/v2\/comments?post=126334"}],"version-history":[{"count":1,"href":"https:\/\/blogdoedvaldomagalhaes.com.br\/index.php\/wp-json\/wp\/v2\/posts\/126334\/revisions"}],"predecessor-version":[{"id":126335,"href":"https:\/\/blogdoedvaldomagalhaes.com.br\/index.php\/wp-json\/wp\/v2\/posts\/126334\/revisions\/126335"}],"wp:featuredmedia":[{"embeddable":true,"href":"https:\/\/blogdoedvaldomagalhaes.com.br\/index.php\/wp-json\/wp\/v2\/media\/126336"}],"wp:attachment":[{"href":"https:\/\/blogdoedvaldomagalhaes.com.br\/index.php\/wp-json\/wp\/v2\/media?parent=126334"}],"wp:term":[{"taxonomy":"category","embeddable":true,"href":"https:\/\/blogdoedvaldomagalhaes.com.br\/index.php\/wp-json\/wp\/v2\/categories?post=126334"},{"taxonomy":"post_tag","embeddable":true,"href":"https:\/\/blogdoedvaldomagalhaes.com.br\/index.php\/wp-json\/wp\/v2\/tags?post=126334"}],"curies":[{"name":"wp","href":"https:\/\/api.w.org\/{rel}","templated":true}]}}