{"id":126331,"date":"2026-01-24T20:39:18","date_gmt":"2026-01-24T23:39:18","guid":{"rendered":"https:\/\/blogdoedvaldomagalhaes.com.br\/?p=126331"},"modified":"2026-01-24T20:39:18","modified_gmt":"2026-01-24T23:39:18","slug":"patrulhamento-ostensivo-da-guarda-municipal-atua-em-ocorrencia-de-furto-no-centro-de-caruaru","status":"publish","type":"post","link":"https:\/\/blogdoedvaldomagalhaes.com.br\/index.php\/2026\/01\/24\/patrulhamento-ostensivo-da-guarda-municipal-atua-em-ocorrencia-de-furto-no-centro-de-caruaru\/","title":{"rendered":"Patrulhamento Ostensivo da Guarda Municipal atua em ocorr\u00eancia de furto no Centro de Caruaru"},"content":{"rendered":"<p>A Guarda Municipal de Caruaru, por meio do Patrulhamento Ostensivo (P.O.), formado pelos novos guardas municipais recentemente incorporados ao efetivo, atuou na manh\u00e3 deste s\u00e1bado (24) em uma ocorr\u00eancia de furto registrada na Rua Vig\u00e1rio Freire, no bairro Nossa Senhora das Dores.<\/p>\n<p>A equipe foi acionada por populares que relataram a pr\u00e1tica de furtos em um estabelecimento comercial da regi\u00e3o. No local, os agentes encontraram o suspeito contido por funcion\u00e1rios da loja ap\u00f3s tentativa de fuga. Segundo informa\u00e7\u00f5es repassadas no momento da abordagem, o indiv\u00edduo havia subtra\u00eddo mais de R$ 500 em produtos aliment\u00edcios.<\/p>\n<p>Para garantir a seguran\u00e7a da ocorr\u00eancia, foi solicitado apoio de outra guarni\u00e7\u00e3o da Guarda Municipal. O respons\u00e1vel pelo estabelecimento optou por n\u00e3o formalizar representa\u00e7\u00e3o, e o suspeito foi liberado no local.<\/p>\n<p>A atua\u00e7\u00e3o dos novos guardas no Patrulhamento Ostensivo refor\u00e7a a presen\u00e7a da Guarda Municipal nas ruas, ampliando as a\u00e7\u00f5es preventivas e a prote\u00e7\u00e3o ao com\u00e9rcio e \u00e0 popula\u00e7\u00e3o do Centro da cidade.<br \/>\nSiga o Instagram @portaledvaldomagalhaes<br \/>\nFoto: Divulga\u00e7\u00e3o <\/p>\n","protected":false},"excerpt":{"rendered":"<p>A Guarda Municipal de Caruaru, por meio do Patrulhamento Ostensivo (P.O.), formado pelos novos guardas municipais recentemente incorporados ao efetivo,&hellip;<\/p>\n","protected":false},"author":1,"featured_media":126332,"comment_status":"closed","ping_status":"open","sticky":false,"template":"","format":"standard","meta":{"footnotes":""},"categories":[14121],"tags":[13146,35707,34634],"class_list":["post-126331","post","type-post","status-publish","format-standard","has-post-thumbnail","hentry","category-policial","tag-blog-edvaldo-magalhaes","tag-patrulhamento-ostensivo-da-guarda-municipal-atua-em-ocorrencia-de-furto-no-centro-de-caruaru","tag-portal-edvaldo-magalhaes"],"_links":{"self":[{"href":"https:\/\/blogdoedvaldomagalhaes.com.br\/index.php\/wp-json\/wp\/v2\/posts\/126331","targetHints":{"allow":["GET"]}}],"collection":[{"href":"https:\/\/blogdoedvaldomagalhaes.com.br\/index.php\/wp-json\/wp\/v2\/posts"}],"about":[{"href":"https:\/\/blogdoedvaldomagalhaes.com.br\/index.php\/wp-json\/wp\/v2\/types\/post"}],"author":[{"embeddable":true,"href":"https:\/\/blogdoedvaldomagalhaes.com.br\/index.php\/wp-json\/wp\/v2\/users\/1"}],"replies":[{"embeddable":true,"href":"https:\/\/blogdoedvaldomagalhaes.com.br\/index.php\/wp-json\/wp\/v2\/comments?post=126331"}],"version-history":[{"count":1,"href":"https:\/\/blogdoedvaldomagalhaes.com.br\/index.php\/wp-json\/wp\/v2\/posts\/126331\/revisions"}],"predecessor-version":[{"id":126333,"href":"https:\/\/blogdoedvaldomagalhaes.com.br\/index.php\/wp-json\/wp\/v2\/posts\/126331\/revisions\/126333"}],"wp:featuredmedia":[{"embeddable":true,"href":"https:\/\/blogdoedvaldomagalhaes.com.br\/index.php\/wp-json\/wp\/v2\/media\/126332"}],"wp:attachment":[{"href":"https:\/\/blogdoedvaldomagalhaes.com.br\/index.php\/wp-json\/wp\/v2\/media?parent=126331"}],"wp:term":[{"taxonomy":"category","embeddable":true,"href":"https:\/\/blogdoedvaldomagalhaes.com.br\/index.php\/wp-json\/wp\/v2\/categories?post=126331"},{"taxonomy":"post_tag","embeddable":true,"href":"https:\/\/blogdoedvaldomagalhaes.com.br\/index.php\/wp-json\/wp\/v2\/tags?post=126331"}],"curies":[{"name":"wp","href":"https:\/\/api.w.org\/{rel}","templated":true}]}}