{"id":126324,"date":"2026-01-24T19:25:14","date_gmt":"2026-01-24T22:25:14","guid":{"rendered":"https:\/\/blogdoedvaldomagalhaes.com.br\/?p=126324"},"modified":"2026-01-24T19:25:14","modified_gmt":"2026-01-24T22:25:14","slug":"itamaraca-volta-a-ser-cartao-postal-de-pernambuco","status":"publish","type":"post","link":"https:\/\/blogdoedvaldomagalhaes.com.br\/index.php\/2026\/01\/24\/itamaraca-volta-a-ser-cartao-postal-de-pernambuco\/","title":{"rendered":"Itamarac\u00e1 volta a ser cart\u00e3o postal de Pernambuco"},"content":{"rendered":"<p>Prestes a receber o Festival Pernambuco Meu Pa\u00eds no pr\u00f3ximo dia 30, a Ilha de Itamarac\u00e1 retoma seu posto como um dos principais destinos do Litoral de Pernambuco, impulsionando a economia local e ampliando a circula\u00e7\u00e3o de visitantes de diversas regi\u00f5es do Estado e do pa\u00eds. Praias movimentadas e alta ocupa\u00e7\u00e3o de casas de veraneio t\u00eam refletido diretamente no com\u00e9rcio, com bares, restaurantes e quiosques registrando crescimento nas vendas. Para transformar esse movimento sazonal em desenvolvimento duradouro, o Governo de Pernambuco est\u00e1 realizando investimentos estrat\u00e9gicos em \u00e1reas como mobilidade, saneamento, seguran\u00e7a, cultura e educa\u00e7\u00e3o.<\/p>\n<p>\u201c\u00c9 um compromisso do nosso governo com o Litoral Norte, que sempre teve um grande potencial de crescimento tur\u00edstico e de turismo sustent\u00e1vel, mas um destino s\u00f3 \u00e9 bom para quem visita se for bom para quem mora. Em Itamarac\u00e1, estamos investindo em estradas, saneamento, seguran\u00e7a, cultura e pol\u00edticas p\u00fablicas para garantir que o desenvolvimento chegue de forma estruturada, gere oportunidades, fortale\u00e7a a economia local e melhore a qualidade de vida da popula\u00e7\u00e3o, ao mesmo tempo em que valoriza a identidade e as belezas da ilha\u201d, ressalta a governadora Raquel Lyra.<\/p>\n<p>As melhorias j\u00e1 s\u00e3o percept\u00edveis desde o acesso \u00e0 ilha. A restaura\u00e7\u00e3o da PE-001, no trecho entre o Forte Orange e a rotat\u00f3ria da PE-035, foi conclu\u00edda com investimento de R$ 18,8 milh\u00f5es, beneficiando mais de 24 mil pessoas. J\u00e1 a PE-035, principal corredor de entrada de Itamarac\u00e1, ultrapassou 91% de execu\u00e7\u00e3o em um trecho de 9,6 quil\u00f4metros, com aporte de R$ 31,7 milh\u00f5es, impactando positivamente cerca de 50 mil usu\u00e1rios. As interven\u00e7\u00f5es integram o PE na Estrada, considerado o maior programa de recupera\u00e7\u00e3o vi\u00e1ria da hist\u00f3ria do Estado, que j\u00e1 restaurou mais de 1.500 quil\u00f4metros de rodovias.<\/p>\n<p>Outro destaque \u00e9 a implanta\u00e7\u00e3o da Ponte Porto Brasilis, integrada ao circuito hist\u00f3rico da Trilha dos Holandeses, com um investimento da gest\u00e3o estadual de R$ 1,3 milh\u00e3o. A ilha tamb\u00e9m recebeu a amplia\u00e7\u00e3o da ilumina\u00e7\u00e3o p\u00fablica em LED, com 930 pontos instalados em 2025 e outros 400 previstos para 2026, incluindo \u00e1reas do circuito tur\u00edstico.<\/p>\n<p>Quem mora em Itamarac\u00e1 j\u00e1 percebe o impacto dos servi\u00e7os no cotidiano. \u201cQuando eu era crian\u00e7a, era muito bom. A\u00ed a pista come\u00e7ou a ficar esburacada, a \u00e1gua come\u00e7ou a faltar nas torneiras. Agora ajeitaram a estrada, os turistas est\u00e3o vindo, s\u00e3o muitos carros. Hoje estamos vendendo mais. Melhorou muito\u201d, relata a comerciante Zuleide Tavares, de 64 anos, moradora da ilha desde a inf\u00e2ncia.<\/p>\n<p>\u201cItamarac\u00e1 vive hoje um novo momento do turismo, impulsionado pelos investimentos garantidos pela governadora Raquel Lyra. Receber entre 250 mil e 270 mil visitantes neste in\u00edcio de ver\u00e3o confirmou que o nosso munic\u00edpio vem se reafirmando como um dos principais destinos do Litoral Norte de Pernambuco. Esse resultado \u00e9 fruto de planejamento, investimentos em programa\u00e7\u00e3o cultural, organiza\u00e7\u00e3o dos espa\u00e7os p\u00fablicos e cuidado com a cidade\u201d, comemora o prefeito Paulo Galv\u00e3o.<\/p>\n<p>O Governo do Estado tamb\u00e9m avan\u00e7a em investimentos no abastecimento de \u00e1gua e no saneamento b\u00e1sico. A Compesa aplica atualmente R$ 1,16 milh\u00e3o na moderniza\u00e7\u00e3o do sistema de abastecimento e elabora projeto para a perfura\u00e7\u00e3o de dois po\u00e7os profundos, com investimento superior a R$ 8 milh\u00f5es. Na \u00e1rea de esgotamento sanit\u00e1rio, est\u00e3o previstos R$ 5,5 milh\u00f5es para a amplia\u00e7\u00e3o da infraestrutura do munic\u00edpio.<\/p>\n<p>A Prefeitura de Itamarac\u00e1 confirma que o destino vem sendo cada vez mais escolhido para estadias prolongadas, lazer em fam\u00edlia e como segunda resid\u00eancia tempor\u00e1ria. Segundo dados da gest\u00e3o municipal, a maior parte dos visitantes \u00e9 de Pernambuco, especialmente da Regi\u00e3o Metropolitana do Recife, al\u00e9m de turistas de outros estados do Nordeste e da Regi\u00e3o Sul, refor\u00e7ando o alcance nacional da ilha e estimulando setores como hospedagem, transporte, alimenta\u00e7\u00e3o e entretenimento.<\/p>\n<p>\u201cAs a\u00e7\u00f5es que foram realizadas pelo Governo de Pernambuco abrangem investimentos em infraestrutura, como a melhoria das estradas do Litoral Norte, al\u00e9m da retirada do pres\u00eddio de Itamarac\u00e1, medidas que atrai mais turistas para a regi\u00e3o. O Festival Pernambuco Meu Pa\u00eds movimenta a economia e beneficia tanto o turista quanto os moradores de Itamarac\u00e1 e dos munic\u00edpios vizinhos, que podem participar de um evento multicultural com artistas nacionais e locais\u201d, destaca o secret\u00e1rio estadual de Turismo e Lazer, Kaio Mani\u00e7oba.<\/p>\n<p>Entre os dias 30 de janeiro e 1\u00ba de fevereiro, a ilha recebe o Festival Pernambuco Meu Pa\u00eds \u2013 Ver\u00e3o, realizado pelo Governo do Estado, que re\u00fane ritmos tradicionais e populares e conta com a presen\u00e7a de artistas como Lia de Itamarac\u00e1, Gaby Amarantos, Raphaela Santos, Thiaguinho, Araketu, \u00c9 o Tchan e Xanddy Harmonia. A comerciante Silvana Andrade, de 45 anos, torce para que os investimentos sigam e o turismo cres\u00e7a. \u201cItamarac\u00e1 melhorou cerca de 80% com essa estrada feita, e a tend\u00eancia \u00e9 melhorar muito mais. Quero que o turismo continue crescendo, tanto no ver\u00e3o quanto no inverno\u201d, conta.<\/p>\n<p>Entre outros destaques, est\u00e3o a constru\u00e7\u00e3o do Centro Educacional Unificado da Cultura, com investimento de R$ 2,2 milh\u00f5es; e a desativa\u00e7\u00e3o da Penitenci\u00e1ria Barreto Campelo, em 2025, atendendo a uma antiga reivindica\u00e7\u00e3o da popula\u00e7\u00e3o da ilha. Como parte da reorganiza\u00e7\u00e3o territorial e da melhoria da qualidade de vida, o Estado tamb\u00e9m investiu no refor\u00e7o da seguran\u00e7a, com patrulhamento intensificado, presen\u00e7a permanente nas \u00e1reas tur\u00edsticas e aumento do efetivo do 26\u00ba Batalh\u00e3o da Pol\u00edcia Militar, que atende \u00e0 \u00e1rea, em 55%, com a incorpora\u00e7\u00e3o de novos oficiais.<\/p>\n<p>Pernambuco tamb\u00e9m mant\u00e9m investimentos cont\u00ednuos em pol\u00edticas sociais que beneficiam, principalmente, quem mora em Itamarac\u00e1. Est\u00e3o em andamento obras da primeira creche do munic\u00edpio, aquisi\u00e7\u00e3o de cinco \u00f4nibus escolares e melhorias em unidades de ensino. Na \u00e1rea da assist\u00eancia social, o munic\u00edpio conta com uma cozinha comunit\u00e1ria em funcionamento e outra em fase de instala\u00e7\u00e3o; com programas de transfer\u00eancia de renda, como o M\u00e3es Pernambuco, que atende atualmente 327 mulheres no munic\u00edpio, dentro de um total estadual superior a 135 mil benefici\u00e1rias, com investimentos que ultrapassam R$ 597,5 milh\u00f5es; al\u00e9m de pol\u00edticas espec\u00edficas para as mulheres, com incentivo ao empreendedorismo, capacita\u00e7\u00e3o e atendimento especializado.<\/p>\n<p>Itamarac\u00e1 \u00e9 um exemplo de que, com planejamento e a\u00e7\u00f5es integradas, o crescimento do turismo no munic\u00edpio acontece de forma estruturada, promovendo desenvolvimento sustent\u00e1vel, gera\u00e7\u00e3o de renda e melhoria da qualidade de vida para moradores e visitantes, reafirmando a ilha como refer\u00eancia no Litoral Norte pernambucano.<br \/>\nSiga o Instagram @portaledvaldomagalhaes.<br \/>\nPraia do Sossego &#8211; Foto: Ed Machado\/Governo-PE<\/p>\n","protected":false},"excerpt":{"rendered":"<p>Prestes a receber o Festival Pernambuco Meu Pa\u00eds no pr\u00f3ximo dia 30, a Ilha de Itamarac\u00e1 retoma seu posto como&hellip;<\/p>\n","protected":false},"author":1,"featured_media":126329,"comment_status":"closed","ping_status":"open","sticky":false,"template":"","format":"standard","meta":{"footnotes":""},"categories":[14120],"tags":[13146,35706,20,34634],"class_list":["post-126324","post","type-post","status-publish","format-standard","has-post-thumbnail","hentry","category-noticias","tag-blog-edvaldo-magalhaes","tag-itamaraca-volta-a-ser-cartao-postal-de-pernambuco","tag-politica","tag-portal-edvaldo-magalhaes"],"_links":{"self":[{"href":"https:\/\/blogdoedvaldomagalhaes.com.br\/index.php\/wp-json\/wp\/v2\/posts\/126324","targetHints":{"allow":["GET"]}}],"collection":[{"href":"https:\/\/blogdoedvaldomagalhaes.com.br\/index.php\/wp-json\/wp\/v2\/posts"}],"about":[{"href":"https:\/\/blogdoedvaldomagalhaes.com.br\/index.php\/wp-json\/wp\/v2\/types\/post"}],"author":[{"embeddable":true,"href":"https:\/\/blogdoedvaldomagalhaes.com.br\/index.php\/wp-json\/wp\/v2\/users\/1"}],"replies":[{"embeddable":true,"href":"https:\/\/blogdoedvaldomagalhaes.com.br\/index.php\/wp-json\/wp\/v2\/comments?post=126324"}],"version-history":[{"count":1,"href":"https:\/\/blogdoedvaldomagalhaes.com.br\/index.php\/wp-json\/wp\/v2\/posts\/126324\/revisions"}],"predecessor-version":[{"id":126330,"href":"https:\/\/blogdoedvaldomagalhaes.com.br\/index.php\/wp-json\/wp\/v2\/posts\/126324\/revisions\/126330"}],"wp:featuredmedia":[{"embeddable":true,"href":"https:\/\/blogdoedvaldomagalhaes.com.br\/index.php\/wp-json\/wp\/v2\/media\/126329"}],"wp:attachment":[{"href":"https:\/\/blogdoedvaldomagalhaes.com.br\/index.php\/wp-json\/wp\/v2\/media?parent=126324"}],"wp:term":[{"taxonomy":"category","embeddable":true,"href":"https:\/\/blogdoedvaldomagalhaes.com.br\/index.php\/wp-json\/wp\/v2\/categories?post=126324"},{"taxonomy":"post_tag","embeddable":true,"href":"https:\/\/blogdoedvaldomagalhaes.com.br\/index.php\/wp-json\/wp\/v2\/tags?post=126324"}],"curies":[{"name":"wp","href":"https:\/\/api.w.org\/{rel}","templated":true}]}}