{"id":126321,"date":"2026-01-24T18:47:36","date_gmt":"2026-01-24T21:47:36","guid":{"rendered":"https:\/\/blogdoedvaldomagalhaes.com.br\/?p=126321"},"modified":"2026-01-24T19:15:10","modified_gmt":"2026-01-24T22:15:10","slug":"governadora-raquel-lyra-inaugura-novos-centros-de-imagem-e-endoscopia-e-complexo-administrativo-do-hospital-otavio-de-freitas","status":"publish","type":"post","link":"https:\/\/blogdoedvaldomagalhaes.com.br\/index.php\/2026\/01\/24\/governadora-raquel-lyra-inaugura-novos-centros-de-imagem-e-endoscopia-e-complexo-administrativo-do-hospital-otavio-de-freitas\/","title":{"rendered":"Governadora Raquel Lyra inaugura novos centros de imagem e endoscopia e Complexo Administrativo do Hospital Ot\u00e1vio de Freitas"},"content":{"rendered":"<p>A governadora Raquel Lyra inaugurou, nesta sexta-feira (23), um conjunto de novas estruturas no Hospital Ot\u00e1vio de Freitas (HOF), no Recife, marcando as comemora\u00e7\u00f5es pelos 70 anos de uma das mais importantes unidades da rede p\u00fablica estadual de sa\u00fade. As entregas incluem o novo Centro de Imagem, a requalifica\u00e7\u00e3o do Setor de Endoscopia e o novo Complexo Administrativo do hospital.<br \/>\n&#8220;N\u00f3s estamos reconstruindo a sa\u00fade p\u00fablica de Pernambuco. Pegamos um Estado onde a rede hospitalar estava absolutamente deteriorada e estamos construindo um novo Ot\u00e1vio de Freitas. S\u00e3o R$ 80 milh\u00f5es em infraestrutura e R$ 40 milh\u00f5es em equipamentos, a constru\u00e7\u00e3o da nova emerg\u00eancia que vai inaugurar em julho, mas hoje inauguramos o centro de imagem, de endoscopia e o novo centro administrativo. S\u00e3o mais de tr\u00eas mil trabalhadores com disposi\u00e7\u00e3o de fazer a melhor sa\u00fade poss\u00edvel, mas faltava o Governo de Pernambuco colocar a sa\u00fade como prioridade e garantir os investimentos adequados\u201d, afirmou a governadora Raquel Lyra.<br \/>\nCom investimento de R$ 2,4 milh\u00f5es, o Centro de Imagem recebeu um tom\u00f3grafo de \u00faltima gera\u00e7\u00e3o, quatro equipamentos de radiografia m\u00f3vel, dois de radiografia fixa e dois arcos cir\u00fargicos, ampliando a capacidade de diagn\u00f3stico e o suporte aos procedimentos cir\u00fargicos. O Setor de Endoscopia tamb\u00e9m foi totalmente reestruturado, com aporte de R$ 1,35 milh\u00e3o. A unidade passou a contar com equipamentos modernos, como videobroncosc\u00f3pio pedi\u00e1trico, videocolonosc\u00f3pios e novas fontes de luz, garantindo mais precis\u00e3o, seguran\u00e7a e produtividade nos exames.<br \/>\n\u201cA gente caminha pelo hospital e enxerga o verdadeiro estado de mudan\u00e7a que vemos em todos os hospitais da rede. Novos centros e uma \u00e1rea administrativa, com todo mundo junto, em um ambiente s\u00f3, unindo for\u00e7as para fazer a complexidade que \u00e9 a gest\u00e3o de um hospital p\u00fablico\u201d, enfatizou a secret\u00e1ria de Sa\u00fade, Zilda Cavalcanti.<br \/>\nTamb\u00e9m foi entregue o novo Complexo Administrativo do HOF, que recebeu investimento de R$ 280,8 mil, oferecendo ambientes mais adequados e tecnol\u00f3gicos para fortalecer a gest\u00e3o e melhorar as condi\u00e7\u00f5es de trabalho das equipes. \u201cEstamos comemorando 70 anos e essa inaugura\u00e7\u00e3o vai ser bastante importante para todos os funcion\u00e1rios que v\u00e3o ter mais conectividade entre eles para fluir melhor o setor e o hospital\u201d, disse o diretor-geral da unidade hospitalar, R\u00f4mulo Aquino.<br \/>\nPara o supervisor de radiologia, Edvaldo Santana, que trabalha h\u00e1 30 anos no hospital, os investimentos na unidade marcam uma nova fase pros funcion\u00e1rios. &#8220;A gente trabalhava com equipamentos sucateados e emprestados, quebravam de manh\u00e3 para serem consertados \u00e0 tarde, era uma briga eterna para n\u00e3o parar o setor. Hoje, todos os equipamentos s\u00e3o novos, digitais, e estamos de fato no s\u00e9culo 21, com a capacidade de fornecer o melhor para os usu\u00e1rios, que realmente precisam do servi\u00e7o\u201d, disse.<\/p>\n<p>OBRAS &#8211; Atualmente o Hospital Ot\u00e1vio de Freitas passa por uma s\u00e9rie de obras, incluindo a constru\u00e7\u00e3o de uma nova emerg\u00eancia, que contar\u00e1 com 118 leitos de emerg\u00eancia adulta e 40 leitos de UTI adulta. Tamb\u00e9m ser\u00e1 realizada a requalifica\u00e7\u00e3o e amplia\u00e7\u00e3o da emerg\u00eancia pedi\u00e1trica, que passar\u00e1 a contar com 28 leitos, al\u00e9m da implanta\u00e7\u00e3o de uma nova farm\u00e1cia e da reforma da UTI, com 20 leitos. O investimento envolve tamb\u00e9m a constru\u00e7\u00e3o do Centro de Abastecimento Farmac\u00eautico (CAF) e de um novo bloco cir\u00fargico, totalizando um aporte superior a R$ 55 milh\u00f5es.<br \/>\nTamb\u00e9m acompanharam as entregas os vereadores do Recife, Agora \u00e9 Rubem e Davi Muniz.<br \/>\nSiga o Instagram @portaledvaldomagalhaes<br \/>\nFoto: Janaina Pepeu\/Secom<\/p>\n","protected":false},"excerpt":{"rendered":"<p>A governadora Raquel Lyra inaugurou, nesta sexta-feira (23), um conjunto de novas estruturas no Hospital Ot\u00e1vio de Freitas (HOF), no&hellip;<\/p>\n","protected":false},"author":1,"featured_media":126327,"comment_status":"closed","ping_status":"open","sticky":false,"template":"","format":"standard","meta":{"footnotes":""},"categories":[14122],"tags":[13146,28127,20,34634],"class_list":["post-126321","post","type-post","status-publish","format-standard","has-post-thumbnail","hentry","category-politica","tag-blog-edvaldo-magalhaes","tag-governadora-raquel-lyra","tag-politica","tag-portal-edvaldo-magalhaes"],"_links":{"self":[{"href":"https:\/\/blogdoedvaldomagalhaes.com.br\/index.php\/wp-json\/wp\/v2\/posts\/126321","targetHints":{"allow":["GET"]}}],"collection":[{"href":"https:\/\/blogdoedvaldomagalhaes.com.br\/index.php\/wp-json\/wp\/v2\/posts"}],"about":[{"href":"https:\/\/blogdoedvaldomagalhaes.com.br\/index.php\/wp-json\/wp\/v2\/types\/post"}],"author":[{"embeddable":true,"href":"https:\/\/blogdoedvaldomagalhaes.com.br\/index.php\/wp-json\/wp\/v2\/users\/1"}],"replies":[{"embeddable":true,"href":"https:\/\/blogdoedvaldomagalhaes.com.br\/index.php\/wp-json\/wp\/v2\/comments?post=126321"}],"version-history":[{"count":3,"href":"https:\/\/blogdoedvaldomagalhaes.com.br\/index.php\/wp-json\/wp\/v2\/posts\/126321\/revisions"}],"predecessor-version":[{"id":126328,"href":"https:\/\/blogdoedvaldomagalhaes.com.br\/index.php\/wp-json\/wp\/v2\/posts\/126321\/revisions\/126328"}],"wp:featuredmedia":[{"embeddable":true,"href":"https:\/\/blogdoedvaldomagalhaes.com.br\/index.php\/wp-json\/wp\/v2\/media\/126327"}],"wp:attachment":[{"href":"https:\/\/blogdoedvaldomagalhaes.com.br\/index.php\/wp-json\/wp\/v2\/media?parent=126321"}],"wp:term":[{"taxonomy":"category","embeddable":true,"href":"https:\/\/blogdoedvaldomagalhaes.com.br\/index.php\/wp-json\/wp\/v2\/categories?post=126321"},{"taxonomy":"post_tag","embeddable":true,"href":"https:\/\/blogdoedvaldomagalhaes.com.br\/index.php\/wp-json\/wp\/v2\/tags?post=126321"}],"curies":[{"name":"wp","href":"https:\/\/api.w.org\/{rel}","templated":true}]}}