{"id":126318,"date":"2026-01-24T11:10:52","date_gmt":"2026-01-24T14:10:52","guid":{"rendered":"https:\/\/blogdoedvaldomagalhaes.com.br\/?p=126318"},"modified":"2026-01-24T11:10:52","modified_gmt":"2026-01-24T14:10:52","slug":"policia-civil-prende-homem-que-realizou-maus-tratos-a-animal-em-olinda","status":"publish","type":"post","link":"https:\/\/blogdoedvaldomagalhaes.com.br\/index.php\/2026\/01\/24\/policia-civil-prende-homem-que-realizou-maus-tratos-a-animal-em-olinda\/","title":{"rendered":"Pol\u00edcia Civil prende homem que realizou maus-tratos a animal em Olinda"},"content":{"rendered":"<p>A Pol\u00edcia Civil de Pernambuco realizou sexta-feira (23\/01), por meio da Delegacia do Varadouro, a pris\u00e3o em flagrante delito de um homem de 40 anos. Ele foi autuado por amea\u00e7a por viol\u00eancia dom\u00e9stica\/ familiar e descumprimento de medida protetiva e havia comparecido \u00e0 delegacia para prestar esclarecimentos acerca de um crime de maus-tratos a animais, constatado por meio de filmagens e amplamente divulgado pela m\u00eddia, havendo informes de que a pr\u00e1tica delitiva era para atingir a companheira. <\/p>\n<p>Durante a ouvida foram constatados os crimes acima. As medidas cab\u00edveis foram realizadas e o autor ficou em seguida \u00e0 disposi\u00e7\u00e3o da justi\u00e7a. Foto: Divulga\u00e7\u00e3o\/PCPE<br \/>\nSiga o Instagram @portaledvaldomagalhaes<\/p>\n","protected":false},"excerpt":{"rendered":"<p>A Pol\u00edcia Civil de Pernambuco realizou sexta-feira (23\/01), por meio da Delegacia do Varadouro, a pris\u00e3o em flagrante delito de&hellip;<\/p>\n","protected":false},"author":1,"featured_media":126319,"comment_status":"closed","ping_status":"open","sticky":false,"template":"","format":"standard","meta":{"footnotes":""},"categories":[14121],"tags":[13146,35705,34634],"class_list":["post-126318","post","type-post","status-publish","format-standard","has-post-thumbnail","hentry","category-policial","tag-blog-edvaldo-magalhaes","tag-policia-civil-prende-homem-que-realizou-maus-tratos-a-animal-em-olinda","tag-portal-edvaldo-magalhaes"],"_links":{"self":[{"href":"https:\/\/blogdoedvaldomagalhaes.com.br\/index.php\/wp-json\/wp\/v2\/posts\/126318","targetHints":{"allow":["GET"]}}],"collection":[{"href":"https:\/\/blogdoedvaldomagalhaes.com.br\/index.php\/wp-json\/wp\/v2\/posts"}],"about":[{"href":"https:\/\/blogdoedvaldomagalhaes.com.br\/index.php\/wp-json\/wp\/v2\/types\/post"}],"author":[{"embeddable":true,"href":"https:\/\/blogdoedvaldomagalhaes.com.br\/index.php\/wp-json\/wp\/v2\/users\/1"}],"replies":[{"embeddable":true,"href":"https:\/\/blogdoedvaldomagalhaes.com.br\/index.php\/wp-json\/wp\/v2\/comments?post=126318"}],"version-history":[{"count":1,"href":"https:\/\/blogdoedvaldomagalhaes.com.br\/index.php\/wp-json\/wp\/v2\/posts\/126318\/revisions"}],"predecessor-version":[{"id":126320,"href":"https:\/\/blogdoedvaldomagalhaes.com.br\/index.php\/wp-json\/wp\/v2\/posts\/126318\/revisions\/126320"}],"wp:featuredmedia":[{"embeddable":true,"href":"https:\/\/blogdoedvaldomagalhaes.com.br\/index.php\/wp-json\/wp\/v2\/media\/126319"}],"wp:attachment":[{"href":"https:\/\/blogdoedvaldomagalhaes.com.br\/index.php\/wp-json\/wp\/v2\/media?parent=126318"}],"wp:term":[{"taxonomy":"category","embeddable":true,"href":"https:\/\/blogdoedvaldomagalhaes.com.br\/index.php\/wp-json\/wp\/v2\/categories?post=126318"},{"taxonomy":"post_tag","embeddable":true,"href":"https:\/\/blogdoedvaldomagalhaes.com.br\/index.php\/wp-json\/wp\/v2\/tags?post=126318"}],"curies":[{"name":"wp","href":"https:\/\/api.w.org\/{rel}","templated":true}]}}