{"id":126315,"date":"2026-01-23T22:12:46","date_gmt":"2026-01-24T01:12:46","guid":{"rendered":"https:\/\/blogdoedvaldomagalhaes.com.br\/?p=126315"},"modified":"2026-01-23T22:12:46","modified_gmt":"2026-01-24T01:12:46","slug":"mercado-cultural-casa-rosa-retoma-atividades-com-abertura-do-pre-carnaval-multicultural-de-caruaru","status":"publish","type":"post","link":"https:\/\/blogdoedvaldomagalhaes.com.br\/index.php\/2026\/01\/23\/mercado-cultural-casa-rosa-retoma-atividades-com-abertura-do-pre-carnaval-multicultural-de-caruaru\/","title":{"rendered":"Mercado Cultural Casa Rosa retoma atividades com abertura do Pr\u00e9-Carnaval Multicultural de Caruaru"},"content":{"rendered":"<p>Ap\u00f3s o recesso de fim de ano, o Mercado Cultural Casa Rosa est\u00e1 prestes a iniciar seu funcionamento de 2026. No dia 31 de janeiro, o espa\u00e7o reabre as portas, com a abertura da programa\u00e7\u00e3o do Pr\u00e9-Carnaval Multicultural de Caruaru, reunindo m\u00fasica, cultura popular e a\u00e7\u00f5es de cidadania. <\/p>\n<p>No s\u00e1bado (31), a programa\u00e7\u00e3o tem in\u00edcio \u00e0s 13h, com a Orquestra de Frevo Seu Quequ\u00e9, levando ao p\u00fablico cl\u00e1ssicos que embalam o Carnaval pernambucano. Em seguida, \u00e0s 15h, o cantor Driko comanda o Bloco Todas as Cores, trazendo diversidade, alegria e representatividade para a Casa Rosa.<\/p>\n<p>J\u00e1 no domingo (1\u00ba), o espa\u00e7o recebe o Bloco Cheio de Direitos, a\u00e7\u00e3o realizada em parceria com a Ger\u00eancia de Direitos Humanos da Secretaria de Assist\u00eancia Social. A trilha sonora da tarde tamb\u00e9m conta com Coral Saber Viver, Mestre Marcos e Som da Serra, DJ Chanel do Agreste e Dend\u00ea Delas, a partir das 11h.<\/p>\n<p>Localizada no Parque 18 de Maio, no cora\u00e7\u00e3o da Feira de Caruaru, a Casa Rosa segue como um dos principais equipamentos culturais da cidade. Al\u00e9m da programa\u00e7\u00e3o musical, o espa\u00e7o conta com \u00e1rea infantil e 12 estabelecimentos de servi\u00e7os variados, como cacha\u00e7arias, botecos e petiscarias.<\/p>\n<p>Confira a programa\u00e7\u00e3o de reabertura:<\/p>\n<p>S\u00e1bado (31\/01)<br \/>\n13h &#8211; Orquestra de Frevo Seu Quequ\u00e9<br \/>\n15h &#8211; Driko &#8211; Bloco Todas as Cores<\/p>\n<p>Domingo (01\/02)<br \/>\n11h &#8211; Coral Saber Viver (CIDH)<br \/>\n12h &#8211; Mestre Marcos e Banda de P\u00edfanos Som da Serra<br \/>\n13h &#8211; DJ Chanel do Agreste<br \/>\n15h &#8211; Dend\u00ea Delas.<br \/>\nSiga o Instagram @portaledvaldomagalhaes<br \/>\nFoto: Divulga\u00e7\u00e3o\/Secom<\/p>\n","protected":false},"excerpt":{"rendered":"<p>Ap\u00f3s o recesso de fim de ano, o Mercado Cultural Casa Rosa est\u00e1 prestes a iniciar seu funcionamento de 2026.&hellip;<\/p>\n","protected":false},"author":1,"featured_media":126316,"comment_status":"closed","ping_status":"open","sticky":false,"template":"","format":"standard","meta":{"footnotes":""},"categories":[14120],"tags":[13146,35704,34634],"class_list":["post-126315","post","type-post","status-publish","format-standard","has-post-thumbnail","hentry","category-noticias","tag-blog-edvaldo-magalhaes","tag-mercado-cultural-casa-rosa-retoma-atividades-com-abertura-do-pre-carnaval-multicultural-de-caruaru","tag-portal-edvaldo-magalhaes"],"_links":{"self":[{"href":"https:\/\/blogdoedvaldomagalhaes.com.br\/index.php\/wp-json\/wp\/v2\/posts\/126315","targetHints":{"allow":["GET"]}}],"collection":[{"href":"https:\/\/blogdoedvaldomagalhaes.com.br\/index.php\/wp-json\/wp\/v2\/posts"}],"about":[{"href":"https:\/\/blogdoedvaldomagalhaes.com.br\/index.php\/wp-json\/wp\/v2\/types\/post"}],"author":[{"embeddable":true,"href":"https:\/\/blogdoedvaldomagalhaes.com.br\/index.php\/wp-json\/wp\/v2\/users\/1"}],"replies":[{"embeddable":true,"href":"https:\/\/blogdoedvaldomagalhaes.com.br\/index.php\/wp-json\/wp\/v2\/comments?post=126315"}],"version-history":[{"count":1,"href":"https:\/\/blogdoedvaldomagalhaes.com.br\/index.php\/wp-json\/wp\/v2\/posts\/126315\/revisions"}],"predecessor-version":[{"id":126317,"href":"https:\/\/blogdoedvaldomagalhaes.com.br\/index.php\/wp-json\/wp\/v2\/posts\/126315\/revisions\/126317"}],"wp:featuredmedia":[{"embeddable":true,"href":"https:\/\/blogdoedvaldomagalhaes.com.br\/index.php\/wp-json\/wp\/v2\/media\/126316"}],"wp:attachment":[{"href":"https:\/\/blogdoedvaldomagalhaes.com.br\/index.php\/wp-json\/wp\/v2\/media?parent=126315"}],"wp:term":[{"taxonomy":"category","embeddable":true,"href":"https:\/\/blogdoedvaldomagalhaes.com.br\/index.php\/wp-json\/wp\/v2\/categories?post=126315"},{"taxonomy":"post_tag","embeddable":true,"href":"https:\/\/blogdoedvaldomagalhaes.com.br\/index.php\/wp-json\/wp\/v2\/tags?post=126315"}],"curies":[{"name":"wp","href":"https:\/\/api.w.org\/{rel}","templated":true}]}}