{"id":126309,"date":"2026-01-23T21:49:32","date_gmt":"2026-01-24T00:49:32","guid":{"rendered":"https:\/\/blogdoedvaldomagalhaes.com.br\/?p=126309"},"modified":"2026-01-23T21:49:32","modified_gmt":"2026-01-24T00:49:32","slug":"mulher-morre-e-esposo-fica-ferido-apos-colisao-na-br-232","status":"publish","type":"post","link":"https:\/\/blogdoedvaldomagalhaes.com.br\/index.php\/2026\/01\/23\/mulher-morre-e-esposo-fica-ferido-apos-colisao-na-br-232\/","title":{"rendered":"Mulher morre e esposo fica ferido ap\u00f3s colis\u00e3o na BR-232"},"content":{"rendered":"<p>A Pol\u00edcia Rodovi\u00e1ria Federal (PRF) foi acionada nesta sexta-feira (23.01), para atendimento de um sinistro de tr\u00e2nsito ocorrido no km 221 da BR-232, sentido crescente, no munic\u00edpio de Pesqueira.<\/p>\n<p>O sinistro envolveu uma motocicleta com dois ocupantes e um ve\u00edculo de passeio. De acordo com levantamentos preliminares da PRF, o ve\u00edculo n\u00e3o aguardou no acostamento para realizar uma convers\u00e3o \u00e0 esquerda, no momento em que acessava um posto de combust\u00edveis. A PRF informou que a motocicleta seguia no mesmo sentido de deslocamento, colidiu na traseira do ve\u00edculo durante a manobra.<\/p>\n<p>A PRF imformou que ap\u00f3s o sinistro, o condutor do ve\u00edculo evadiu-se do local sem prestar atendimento \u00e0s v\u00edtimas.<\/p>\n<p>Com o impacto, o empres\u00e1rio Washington Menezes ficou ferido e foi encaminhado ao Hospital de Pesqueira pelo Corpo de Bombeiros, enquanto a esposa dele, Renata Rodrigues, veio a \u00f3bito no local. O casal seguia de motocicleta a cidade de Afogados da Ingazeira, no Sert\u00e3o de Pernambuco, para participar do Motofest.<\/p>\n<p>Os primeiros atendimentos foram realizados pela Pol\u00edcia Militar. Ap\u00f3s a chegada da equipe da PRF, tamb\u00e9m estiveram presentes a Pol\u00edcia Civil e o Instituto de Criminal\u00edstica, respons\u00e1veis pelos procedimentos periciais.<\/p>\n<p>Para a realiza\u00e7\u00e3o da per\u00edcia, houve a interdi\u00e7\u00e3o total da rodovia no per\u00edodo das 11h17 \u00e0s 11h37, sendo o tr\u00e1fego liberado em seguida. Foto: Divulga\u00e7\u00e3o.<br \/>\nSiga o Instagram @portaledvaldomagalhaes<\/p>\n","protected":false},"excerpt":{"rendered":"<p>A Pol\u00edcia Rodovi\u00e1ria Federal (PRF) foi acionada nesta sexta-feira (23.01), para atendimento de um sinistro de tr\u00e2nsito ocorrido no km&hellip;<\/p>\n","protected":false},"author":1,"featured_media":126313,"comment_status":"closed","ping_status":"open","sticky":false,"template":"","format":"standard","meta":{"footnotes":""},"categories":[14120],"tags":[14276,13146,35703,34634,30295],"class_list":["post-126309","post","type-post","status-publish","format-standard","has-post-thumbnail","hentry","category-noticias","tag-acidente","tag-blog-edvaldo-magalhaes","tag-mulher-morre-e-esposo-fica-ferido-apos-colisao-na-br-232","tag-portal-edvaldo-magalhaes","tag-sinistro"],"_links":{"self":[{"href":"https:\/\/blogdoedvaldomagalhaes.com.br\/index.php\/wp-json\/wp\/v2\/posts\/126309","targetHints":{"allow":["GET"]}}],"collection":[{"href":"https:\/\/blogdoedvaldomagalhaes.com.br\/index.php\/wp-json\/wp\/v2\/posts"}],"about":[{"href":"https:\/\/blogdoedvaldomagalhaes.com.br\/index.php\/wp-json\/wp\/v2\/types\/post"}],"author":[{"embeddable":true,"href":"https:\/\/blogdoedvaldomagalhaes.com.br\/index.php\/wp-json\/wp\/v2\/users\/1"}],"replies":[{"embeddable":true,"href":"https:\/\/blogdoedvaldomagalhaes.com.br\/index.php\/wp-json\/wp\/v2\/comments?post=126309"}],"version-history":[{"count":1,"href":"https:\/\/blogdoedvaldomagalhaes.com.br\/index.php\/wp-json\/wp\/v2\/posts\/126309\/revisions"}],"predecessor-version":[{"id":126314,"href":"https:\/\/blogdoedvaldomagalhaes.com.br\/index.php\/wp-json\/wp\/v2\/posts\/126309\/revisions\/126314"}],"wp:featuredmedia":[{"embeddable":true,"href":"https:\/\/blogdoedvaldomagalhaes.com.br\/index.php\/wp-json\/wp\/v2\/media\/126313"}],"wp:attachment":[{"href":"https:\/\/blogdoedvaldomagalhaes.com.br\/index.php\/wp-json\/wp\/v2\/media?parent=126309"}],"wp:term":[{"taxonomy":"category","embeddable":true,"href":"https:\/\/blogdoedvaldomagalhaes.com.br\/index.php\/wp-json\/wp\/v2\/categories?post=126309"},{"taxonomy":"post_tag","embeddable":true,"href":"https:\/\/blogdoedvaldomagalhaes.com.br\/index.php\/wp-json\/wp\/v2\/tags?post=126309"}],"curies":[{"name":"wp","href":"https:\/\/api.w.org\/{rel}","templated":true}]}}