{"id":126306,"date":"2026-01-23T14:35:26","date_gmt":"2026-01-23T17:35:26","guid":{"rendered":"https:\/\/blogdoedvaldomagalhaes.com.br\/?p=126306"},"modified":"2026-01-23T14:35:26","modified_gmt":"2026-01-23T17:35:26","slug":"apae-altinho-entrega-nova-sede-no-dia-27-de-janeiro","status":"publish","type":"post","link":"https:\/\/blogdoedvaldomagalhaes.com.br\/index.php\/2026\/01\/23\/apae-altinho-entrega-nova-sede-no-dia-27-de-janeiro\/","title":{"rendered":"Apae Altinho entrega nova sede no dia 27 de janeiro"},"content":{"rendered":"<p><span style=\"font-size: revert;\">A Apae Altinho celebra um importante marco em sua hist\u00f3ria com a entrega oficial de sua nova sede, que acontece na pr\u00f3xima ter\u00e7a-feira, dia 27 de janeiro de 2026. O novo espa\u00e7o representa um avan\u00e7o significativo para a amplia\u00e7\u00e3o e qualifica\u00e7\u00e3o dos servi\u00e7os prestados pela institui\u00e7\u00e3o, que atua no munic\u00edpio desde 2016, promovendo inclus\u00e3o, cuidado e desenvolvimento para pessoas com defici\u00eancia.<\/span><\/p>\n<p>O terreno onde a nova sede foi constru\u00edda foi doado em 2018 pelo ex-prefeito Orlando Jos\u00e9, gesto fundamental para a concretiza\u00e7\u00e3o do projeto. A obra \u00e9 fruto de uma parceria entre a Federa\u00e7\u00e3o das Apaes de Pernambuco, o produto Pernambuco da Sorte e a Apae Brasil, refor\u00e7ando o compromisso conjunto com o fortalecimento da rede de atendimento especializado.<\/p>\n<p>A Apae Altinho oferece atendimentos terap\u00eauticos e pedag\u00f3gicos a crian\u00e7as, adolescentes e adultos, h\u00e1 10 anos atendendo atualmente cerca de 170 pessoas nas \u00e1reas de psicologia, psicopedagogia, fonoaudiologia, neuropediatria, nutri\u00e7\u00e3o, assist\u00eancia social, educa\u00e7\u00e3o f\u00edsica, massoterapia, assist\u00eancia jur\u00eddica e fisioterapia contribuindo diretamente para a melhoria da qualidade de vida dos usu\u00e1rios e de suas fam\u00edlias, com a amplia\u00e7\u00e3o o espa\u00e7o ter\u00e1 capacidade para atender cerca de 250 crian\u00e7as.<\/p>\n<p>A nova sede foi planejada para garantir mais acessibilidade, conforto e funcionalidade, al\u00e9m de melhores condi\u00e7\u00f5es de trabalho para os profissionais e amplia\u00e7\u00e3o da capacidade de atendimento. A solenidade acontece no dia 27 de janeiro, \u00e0s 14 horas na rua das Biganville, 51 \u2013 Loteamento Jardim Lorena e contar\u00e1 com a presen\u00e7a de representantes das APAEs, parceiros, autoridades e comunidade.<br \/>\nSiga o Instagram @portaledvaldomagalhaes<br \/>\nFoto: Divulga\u00e7\u00e3o<\/p>\n","protected":false},"excerpt":{"rendered":"<p>A Apae Altinho celebra um importante marco em sua hist\u00f3ria com a entrega oficial de sua nova sede, que acontece&hellip;<\/p>\n","protected":false},"author":1,"featured_media":126307,"comment_status":"closed","ping_status":"open","sticky":false,"template":"","format":"standard","meta":{"footnotes":""},"categories":[14120],"tags":[35702,13146,34634],"class_list":["post-126306","post","type-post","status-publish","format-standard","has-post-thumbnail","hentry","category-noticias","tag-apae-altinho-entrega-nova-sede-no-dia-27-de-janeiro","tag-blog-edvaldo-magalhaes","tag-portal-edvaldo-magalhaes"],"_links":{"self":[{"href":"https:\/\/blogdoedvaldomagalhaes.com.br\/index.php\/wp-json\/wp\/v2\/posts\/126306","targetHints":{"allow":["GET"]}}],"collection":[{"href":"https:\/\/blogdoedvaldomagalhaes.com.br\/index.php\/wp-json\/wp\/v2\/posts"}],"about":[{"href":"https:\/\/blogdoedvaldomagalhaes.com.br\/index.php\/wp-json\/wp\/v2\/types\/post"}],"author":[{"embeddable":true,"href":"https:\/\/blogdoedvaldomagalhaes.com.br\/index.php\/wp-json\/wp\/v2\/users\/1"}],"replies":[{"embeddable":true,"href":"https:\/\/blogdoedvaldomagalhaes.com.br\/index.php\/wp-json\/wp\/v2\/comments?post=126306"}],"version-history":[{"count":1,"href":"https:\/\/blogdoedvaldomagalhaes.com.br\/index.php\/wp-json\/wp\/v2\/posts\/126306\/revisions"}],"predecessor-version":[{"id":126308,"href":"https:\/\/blogdoedvaldomagalhaes.com.br\/index.php\/wp-json\/wp\/v2\/posts\/126306\/revisions\/126308"}],"wp:featuredmedia":[{"embeddable":true,"href":"https:\/\/blogdoedvaldomagalhaes.com.br\/index.php\/wp-json\/wp\/v2\/media\/126307"}],"wp:attachment":[{"href":"https:\/\/blogdoedvaldomagalhaes.com.br\/index.php\/wp-json\/wp\/v2\/media?parent=126306"}],"wp:term":[{"taxonomy":"category","embeddable":true,"href":"https:\/\/blogdoedvaldomagalhaes.com.br\/index.php\/wp-json\/wp\/v2\/categories?post=126306"},{"taxonomy":"post_tag","embeddable":true,"href":"https:\/\/blogdoedvaldomagalhaes.com.br\/index.php\/wp-json\/wp\/v2\/tags?post=126306"}],"curies":[{"name":"wp","href":"https:\/\/api.w.org\/{rel}","templated":true}]}}