{"id":126303,"date":"2026-01-23T08:57:15","date_gmt":"2026-01-23T11:57:15","guid":{"rendered":"https:\/\/blogdoedvaldomagalhaes.com.br\/?p=126303"},"modified":"2026-01-23T08:57:15","modified_gmt":"2026-01-23T11:57:15","slug":"familia-caruaruense-cria-vaquinha-solidaria-em-prol-de-adolescente-com-doenca-na-visao","status":"publish","type":"post","link":"https:\/\/blogdoedvaldomagalhaes.com.br\/index.php\/2026\/01\/23\/familia-caruaruense-cria-vaquinha-solidaria-em-prol-de-adolescente-com-doenca-na-visao\/","title":{"rendered":"Fam\u00edlia caruaruense cria vaquinha solid\u00e1ria em prol de adolescente com doen\u00e7a na vis\u00e3o"},"content":{"rendered":"<p>O estudante Pedro Miqueias, de apenas 15 anos de idade, mora, com a fam\u00edlia, na comunidade de Taquara de Cima, \u00e1rea rural de Caruaru. Ele levava uma vida tranquila, entre estudos e lazer, como qualquer garoto da sua idade, mas recebeu uma not\u00edcia que transformou seus dias em momentos de preocupa\u00e7\u00e3o.<\/p>\n<p>Ele foi diagnosticado com ceratocone em ambos os olhos. A doen\u00e7a ocular \u00e9 degenerativa e deforma a c\u00f3rnea, tornando-a no formato de um cone, sendo uma enfermidade ainda mais severa em adolescentes e crian\u00e7as. Como a doen\u00e7a encontra-se em estado avan\u00e7ado, o adolescente precisa ser urgentemente submetido a uma cirurgia, sem a qual pode levar a uma perda visual severa. <\/p>\n<p>Como esse procedimento \u00e9 dif\u00edcil pelo sistema p\u00fablico de sa\u00fade, ser\u00e1 necess\u00e1rio recorrer \u00e0 rede privada. Contudo, o valor \u00e9 da ordem de R$ 26 mil, acima da realidade financeira da fam\u00edlia. \u201cMeu pai est\u00e1 desempregado, e minha m\u00e3e trabalha\u00a0 no mercado, todas as despesas de nosso lar est\u00e3o sobre ela, que recebe apenas um sal\u00e1rio m\u00ednimo\u201d, conta o garoto.<\/p>\n<p>No intuito de conseguir alcan\u00e7ar esse valor, na semana passada a fam\u00edlia criou uma vaquinha virtual, uma ferramenta de arrecada\u00e7\u00e3o coletiva (crowdfunding). Em alguns dias, a iniciativa gerou uma mobiliza\u00e7\u00e3o nas redes sociais, com dezenas de pessoas compartilhando essa hist\u00f3ria em seus perfis, pedindo um engajamento em prol desta causa, mas o valor que est\u00e1 sendo arrecadado ainda est\u00e1 muito aqu\u00e9m do necess\u00e1rio. At\u00e9 esta sexta-feira (23), a fam\u00edlia conseguiu aproximadamente 20% do valor total.<\/p>\n<p>\u201cContamos com a sensibilidade das pessoas que, de alguma forma, possam colaborar com esta causa, e possibilitar que, com essa cirurgia, minha sa\u00fade visual seja restaurada e eu possa voltar a sonhar que verei um futuro melhor\u201d, comenta Pedro Miqueias, visivelmente emocionado.<\/p>\n<p>\u00c9 poss\u00edvel colaborar por meio do link https:\/\/sl1nk.com\/4HLrx.<br \/>\nSiga o Instagram @portaledvaldomagalhaes<br \/>\nFoto: Divulga\u00e7\u00e3o <\/p>\n","protected":false},"excerpt":{"rendered":"<p>O estudante Pedro Miqueias, de apenas 15 anos de idade, mora, com a fam\u00edlia, na comunidade de Taquara de Cima,&hellip;<\/p>\n","protected":false},"author":1,"featured_media":126304,"comment_status":"closed","ping_status":"open","sticky":false,"template":"","format":"standard","meta":{"footnotes":""},"categories":[14120],"tags":[13146,35701,34634],"class_list":["post-126303","post","type-post","status-publish","format-standard","has-post-thumbnail","hentry","category-noticias","tag-blog-edvaldo-magalhaes","tag-familia-caruaruense-cria-vaquinha-solidaria-em-prol-de-adolescente-com-doenca-na-visao","tag-portal-edvaldo-magalhaes"],"_links":{"self":[{"href":"https:\/\/blogdoedvaldomagalhaes.com.br\/index.php\/wp-json\/wp\/v2\/posts\/126303","targetHints":{"allow":["GET"]}}],"collection":[{"href":"https:\/\/blogdoedvaldomagalhaes.com.br\/index.php\/wp-json\/wp\/v2\/posts"}],"about":[{"href":"https:\/\/blogdoedvaldomagalhaes.com.br\/index.php\/wp-json\/wp\/v2\/types\/post"}],"author":[{"embeddable":true,"href":"https:\/\/blogdoedvaldomagalhaes.com.br\/index.php\/wp-json\/wp\/v2\/users\/1"}],"replies":[{"embeddable":true,"href":"https:\/\/blogdoedvaldomagalhaes.com.br\/index.php\/wp-json\/wp\/v2\/comments?post=126303"}],"version-history":[{"count":1,"href":"https:\/\/blogdoedvaldomagalhaes.com.br\/index.php\/wp-json\/wp\/v2\/posts\/126303\/revisions"}],"predecessor-version":[{"id":126305,"href":"https:\/\/blogdoedvaldomagalhaes.com.br\/index.php\/wp-json\/wp\/v2\/posts\/126303\/revisions\/126305"}],"wp:featuredmedia":[{"embeddable":true,"href":"https:\/\/blogdoedvaldomagalhaes.com.br\/index.php\/wp-json\/wp\/v2\/media\/126304"}],"wp:attachment":[{"href":"https:\/\/blogdoedvaldomagalhaes.com.br\/index.php\/wp-json\/wp\/v2\/media?parent=126303"}],"wp:term":[{"taxonomy":"category","embeddable":true,"href":"https:\/\/blogdoedvaldomagalhaes.com.br\/index.php\/wp-json\/wp\/v2\/categories?post=126303"},{"taxonomy":"post_tag","embeddable":true,"href":"https:\/\/blogdoedvaldomagalhaes.com.br\/index.php\/wp-json\/wp\/v2\/tags?post=126303"}],"curies":[{"name":"wp","href":"https:\/\/api.w.org\/{rel}","templated":true}]}}