{"id":1263,"date":"2018-09-20T15:56:00","date_gmt":"2018-09-20T18:56:00","guid":{"rendered":"http:\/\/blogdoedvaldomagalhaes.com.br\/index.php\/2018\/09\/20\/hra-e-vistoriado-pela-defensoria_20\/"},"modified":"2019-02-09T02:31:40","modified_gmt":"2019-02-09T04:31:40","slug":"hra-e-vistoriado-pela-defensoria_20","status":"publish","type":"post","link":"https:\/\/blogdoedvaldomagalhaes.com.br\/index.php\/2018\/09\/20\/hra-e-vistoriado-pela-defensoria_20\/","title":{"rendered":"HRA \u00e9 vistoriado pela Defensoria P\u00fablica da Uni\u00e3o"},"content":{"rendered":"<div class=\"separator\" style=\"clear: both; text-align: center;\">\n<a href=\"https:\/\/1.bp.blogspot.com\/-0ByJYYjWtaA\/W6PC0r0wO2I\/AAAAAAAA6Qc\/H5Tq8Jbv91EefP9fhAjBWuBfT-BnSYuwQCLcBGAs\/s1600\/20180920_110252.jpg\" imageanchor=\"1\" style=\"margin-left: 1em; margin-right: 1em;\"><img loading=\"lazy\" decoding=\"async\" border=\"0\" data-original-height=\"900\" data-original-width=\"1600\" height=\"360\" src=\"http:\/\/blogdoedvaldomagalhaes.com.br\/wp-content\/uploads\/2018\/09\/20180920_110252.jpg\" width=\"640\" \/><\/a><\/div>\n<p><\/p>\n<div style=\"background-color: white; box-sizing: border-box; line-height: 24px; margin-bottom: 10px; text-align: justify;\">\nAp\u00f3s novas den\u00fancias sobre superlota\u00e7\u00e3o, falta de medicamentos e longa espera por atendimento, foi realizada na manh\u00e3 desta quinta-feira (20) uma vistoria no Hospital Regional do Agreste (HRA), em Caruaru, no Agreste de Pernambuco. Participaram representantes do Conselho Gestor da unidade hospitalar, da Comiss\u00e3o de Sa\u00fade da OAB, do Minist\u00e9rio P\u00fablico, do Conselho de Sa\u00fade de Caruaru e da Defensoria P\u00fablica da Uni\u00e3o.<\/div>\n<div style=\"background-color: white; box-sizing: border-box; line-height: 24px; margin-bottom: 10px; text-align: justify;\">\nO defensor regional de direitos humanos da Defensoria P\u00fablica da Uni\u00e3o, Geraldo Vilar, disse que a situa\u00e7\u00e3o \u00e9 grav\u00edssima e descreve como cen\u00e1rio de guerra.<\/div>\n<div style=\"background-color: white; box-sizing: border-box; line-height: 24px; margin-bottom: 10px; text-align: justify;\">\nFonte: R\u00e1dio Liberdade.<\/div>\n<div style=\"background-color: white; box-sizing: border-box; line-height: 24px; margin-bottom: 10px; text-align: justify;\">\n<\/div>\n","protected":false},"excerpt":{"rendered":"<p>Ap\u00f3s novas den\u00fancias sobre superlota\u00e7\u00e3o, falta de medicamentos e longa espera por atendimento, foi realizada na manh\u00e3 desta quinta-feira (20)&hellip;<\/p>\n","protected":false},"author":1,"featured_media":0,"comment_status":"open","ping_status":"open","sticky":false,"template":"","format":"standard","meta":{"footnotes":""},"categories":[1],"tags":[2,1220,6],"class_list":["post-1263","post","type-post","status-publish","format-standard","hentry","category-sem-categoria","tag-blog-do-edvaldo-magalhaes","tag-hra-e-vistoriado-pela-defensoria-publica-da-uniao","tag-noticias"],"_links":{"self":[{"href":"https:\/\/blogdoedvaldomagalhaes.com.br\/index.php\/wp-json\/wp\/v2\/posts\/1263","targetHints":{"allow":["GET"]}}],"collection":[{"href":"https:\/\/blogdoedvaldomagalhaes.com.br\/index.php\/wp-json\/wp\/v2\/posts"}],"about":[{"href":"https:\/\/blogdoedvaldomagalhaes.com.br\/index.php\/wp-json\/wp\/v2\/types\/post"}],"author":[{"embeddable":true,"href":"https:\/\/blogdoedvaldomagalhaes.com.br\/index.php\/wp-json\/wp\/v2\/users\/1"}],"replies":[{"embeddable":true,"href":"https:\/\/blogdoedvaldomagalhaes.com.br\/index.php\/wp-json\/wp\/v2\/comments?post=1263"}],"version-history":[{"count":1,"href":"https:\/\/blogdoedvaldomagalhaes.com.br\/index.php\/wp-json\/wp\/v2\/posts\/1263\/revisions"}],"predecessor-version":[{"id":34205,"href":"https:\/\/blogdoedvaldomagalhaes.com.br\/index.php\/wp-json\/wp\/v2\/posts\/1263\/revisions\/34205"}],"wp:attachment":[{"href":"https:\/\/blogdoedvaldomagalhaes.com.br\/index.php\/wp-json\/wp\/v2\/media?parent=1263"}],"wp:term":[{"taxonomy":"category","embeddable":true,"href":"https:\/\/blogdoedvaldomagalhaes.com.br\/index.php\/wp-json\/wp\/v2\/categories?post=1263"},{"taxonomy":"post_tag","embeddable":true,"href":"https:\/\/blogdoedvaldomagalhaes.com.br\/index.php\/wp-json\/wp\/v2\/tags?post=1263"}],"curies":[{"name":"wp","href":"https:\/\/api.w.org\/{rel}","templated":true}]}}