{"id":126298,"date":"2026-01-22T19:28:00","date_gmt":"2026-01-22T22:28:00","guid":{"rendered":"https:\/\/blogdoedvaldomagalhaes.com.br\/?p=126298"},"modified":"2026-01-22T19:28:00","modified_gmt":"2026-01-22T22:28:00","slug":"carnaval-e-cinema-governo-de-pernambuco-lanca-campanha-para-o-carnaval-2026-inspirada-no-filme-o-agente-secreto","status":"publish","type":"post","link":"https:\/\/blogdoedvaldomagalhaes.com.br\/index.php\/2026\/01\/22\/carnaval-e-cinema-governo-de-pernambuco-lanca-campanha-para-o-carnaval-2026-inspirada-no-filme-o-agente-secreto\/","title":{"rendered":"Carnaval e cinema: Governo de Pernambuco lan\u00e7a campanha para o Carnaval 2026 inspirada no filme O Agente Secreto"},"content":{"rendered":"<p><span style=\"font-size: revert;\">Unindo a pot\u00eancia das manifesta\u00e7\u00f5es culturais do Estado \u00e0 for\u00e7a do cinema pernambucano, o Governo de Pernambuco lan\u00e7ou, nesta quinta-feira (22), a campanha para o Carnaval de Pernambuco 2026. Convidando a todos para conhecer e festejar a cultura do estado, com a m\u00e1xima &#8220;A gente \u00e9 festa&#8221;, a iniciativa faz uma homenagem ao filme O Agente Secreto, de Kl\u00e9ber Mendon\u00e7a Filho, que foi indicado ao Oscar em quatro categorias. Protagonizada pela atriz e artes\u00e3 T\u00e2nia Maria, a campanha refor\u00e7a a identidade, o orgulho e a criatividade que fazem do carnaval de Pernambuco uma festa \u00fanica, reconhecida no Brasil e no mundo.<\/span><\/p>\n<p>&#8220;O Carnaval de Pernambuco atrai turistas de v\u00e1rias partes do Brasil e do mundo. E, neste ano, temos a atriz T\u00e2nia Maria como nossa anfitri\u00e3, para fazermos uma homenagem ao filme O Agente Secreto, que j\u00e1 \u00e9 motivo de muito orgulho. Convidamos a todos para curtirem com muita alegria e paz, o Pernambuco Meu Pa\u00eds no Carnaval&#8221;, afirmou a governadora Raquel Lyra.<\/p>\n<p>Tendo como cen\u00e1rio as ladeiras de Olinda, a campanha traz o convite da atriz e artes\u00e3 T\u00e2nia Maria, 79 anos, que conquistou o pa\u00eds e o mundo como Dona Sebastiana. \u00c9 na voz dela que Pernambuco anuncia: A gente \u00e9 festa! &#8220;Com essa campanha, o Governo de Pernambuco fortalece o turismo e a cultura do Estado ao exaltar o filme O Agente Secreto em meio a uma grandiosa festividade no ano em que Pernambuco \u00e9 destaque nas telas. Esperamos todos de bra\u00e7os abertos, pernambucanos e turistas&#8221;, destacou o secret\u00e1rio de Comunica\u00e7\u00e3o, Rodolfo Costa Pinto.<\/p>\n<p>O filme da campanha celebra a riqueza cultural de Pernambuco ao reunir refer\u00eancias marcantes do estado, como o Frevo, os Caretas de Triunfo, os Caboclos de Lan\u00e7a, Maracatu, Papangus e tantas outras express\u00f5es populares.<\/p>\n<p>Com humor, irrever\u00eancia e diversidade, a produ\u00e7\u00e3o que ser\u00e1 divulgada na TV faz uma refer\u00eancia ao filme, evidenciando a pluralidade cultural que transforma Pernambuco em um territ\u00f3rio \u00fanico de tradi\u00e7\u00e3o e criatividade. \u201cO cinema \u00e9 uma vitrine poderosa para o turismo e transformamos essa visibilidade em estrat\u00e9gia, conectando cultura, identidade e promo\u00e7\u00e3o do nosso estado, ainda mais no maior palco popular que \u00e9 o Carnaval\u201d, aponta o presidente da Empetur, Eduardo Loyo. \u00a0 \u00a0<br \/>Siga o Instagram @portaledvaldomagalhaes. \u00a0 \u00a0<br \/>Foto: Hes\u00edodo G\u00f3es\/Secom<\/p>\n\n\n<p><\/p>\n","protected":false},"excerpt":{"rendered":"<p>Unindo a pot\u00eancia das manifesta\u00e7\u00f5es culturais do Estado \u00e0 for\u00e7a do cinema pernambucano, o Governo de Pernambuco lan\u00e7ou, nesta quinta-feira&hellip;<\/p>\n","protected":false},"author":1,"featured_media":126299,"comment_status":"closed","ping_status":"open","sticky":false,"template":"","format":"standard","meta":{"footnotes":""},"categories":[14122],"tags":[13146,35699,34634],"class_list":["post-126298","post","type-post","status-publish","format-standard","has-post-thumbnail","hentry","category-politica","tag-blog-edvaldo-magalhaes","tag-carnaval-e-cinema-governo-de-pernambuco-lanca-campanha-para-o-carnaval-2026-inspirada-no-filme-o-agente-secreto","tag-portal-edvaldo-magalhaes"],"_links":{"self":[{"href":"https:\/\/blogdoedvaldomagalhaes.com.br\/index.php\/wp-json\/wp\/v2\/posts\/126298","targetHints":{"allow":["GET"]}}],"collection":[{"href":"https:\/\/blogdoedvaldomagalhaes.com.br\/index.php\/wp-json\/wp\/v2\/posts"}],"about":[{"href":"https:\/\/blogdoedvaldomagalhaes.com.br\/index.php\/wp-json\/wp\/v2\/types\/post"}],"author":[{"embeddable":true,"href":"https:\/\/blogdoedvaldomagalhaes.com.br\/index.php\/wp-json\/wp\/v2\/users\/1"}],"replies":[{"embeddable":true,"href":"https:\/\/blogdoedvaldomagalhaes.com.br\/index.php\/wp-json\/wp\/v2\/comments?post=126298"}],"version-history":[{"count":1,"href":"https:\/\/blogdoedvaldomagalhaes.com.br\/index.php\/wp-json\/wp\/v2\/posts\/126298\/revisions"}],"predecessor-version":[{"id":126300,"href":"https:\/\/blogdoedvaldomagalhaes.com.br\/index.php\/wp-json\/wp\/v2\/posts\/126298\/revisions\/126300"}],"wp:featuredmedia":[{"embeddable":true,"href":"https:\/\/blogdoedvaldomagalhaes.com.br\/index.php\/wp-json\/wp\/v2\/media\/126299"}],"wp:attachment":[{"href":"https:\/\/blogdoedvaldomagalhaes.com.br\/index.php\/wp-json\/wp\/v2\/media?parent=126298"}],"wp:term":[{"taxonomy":"category","embeddable":true,"href":"https:\/\/blogdoedvaldomagalhaes.com.br\/index.php\/wp-json\/wp\/v2\/categories?post=126298"},{"taxonomy":"post_tag","embeddable":true,"href":"https:\/\/blogdoedvaldomagalhaes.com.br\/index.php\/wp-json\/wp\/v2\/tags?post=126298"}],"curies":[{"name":"wp","href":"https:\/\/api.w.org\/{rel}","templated":true}]}}