{"id":126295,"date":"2026-01-22T17:26:51","date_gmt":"2026-01-22T20:26:51","guid":{"rendered":"https:\/\/blogdoedvaldomagalhaes.com.br\/?p=126295"},"modified":"2026-01-22T17:26:51","modified_gmt":"2026-01-22T20:26:51","slug":"guarda-municipal-de-caruaru-evita-situacao-de-violencia-domestica-no-sao-francisco","status":"publish","type":"post","link":"https:\/\/blogdoedvaldomagalhaes.com.br\/index.php\/2026\/01\/22\/guarda-municipal-de-caruaru-evita-situacao-de-violencia-domestica-no-sao-francisco\/","title":{"rendered":"Guarda Municipal de Caruaru evita situa\u00e7\u00e3o de viol\u00eancia dom\u00e9stica no S\u00e3o Francisco"},"content":{"rendered":"<p>A atua\u00e7\u00e3o r\u00e1pida e integrada da Guarda Municipal de Caruaru foi decisiva para conter uma situa\u00e7\u00e3o de amea\u00e7a no bairro S\u00e3o Francisco, na madrugada desta quinta-feira (22). Ap\u00f3s den\u00fancia recebida pelo telefone 153, equipes da Patrulha Maria da Penha, com apoio de rondas extras, chegaram ao local em poucos minutos e impediram que o epis\u00f3dio evolu\u00edsse para agress\u00e3o f\u00edsica.<\/p>\n<p>A v\u00edtima, uma mulher de 34 anos, relatou amea\u00e7as recorrentes feitas por um familiar, que se encontrava em frente \u00e0 resid\u00eancia portando arma branca e proferindo intimida\u00e7\u00f5es. No local, os agentes constataram a veracidade da den\u00fancia, apreenderam o objeto e realizaram a condu\u00e7\u00e3o do suspeito \u00e0 delegacia de plant\u00e3o.<\/p>\n<p>A resposta imediata evidencia o fortalecimento das pol\u00edticas p\u00fablicas de prote\u00e7\u00e3o \u00e0 mulher e o investimento cont\u00ednuo do munic\u00edpio em seguran\u00e7a preventiva. Foto: Divulga\u00e7\u00e3o<br \/>\nSiga o Instagram @portaledvaldomagalhaes<\/p>\n","protected":false},"excerpt":{"rendered":"<p>A atua\u00e7\u00e3o r\u00e1pida e integrada da Guarda Municipal de Caruaru foi decisiva para conter uma situa\u00e7\u00e3o de amea\u00e7a no bairro&hellip;<\/p>\n","protected":false},"author":1,"featured_media":126296,"comment_status":"closed","ping_status":"open","sticky":false,"template":"","format":"standard","meta":{"footnotes":""},"categories":[14121],"tags":[13146,35698,34634],"class_list":["post-126295","post","type-post","status-publish","format-standard","has-post-thumbnail","hentry","category-policial","tag-blog-edvaldo-magalhaes","tag-guarda-municipal-de-caruaru-evita-situacao-de-violencia-domestica-no-sao-francisco","tag-portal-edvaldo-magalhaes"],"_links":{"self":[{"href":"https:\/\/blogdoedvaldomagalhaes.com.br\/index.php\/wp-json\/wp\/v2\/posts\/126295","targetHints":{"allow":["GET"]}}],"collection":[{"href":"https:\/\/blogdoedvaldomagalhaes.com.br\/index.php\/wp-json\/wp\/v2\/posts"}],"about":[{"href":"https:\/\/blogdoedvaldomagalhaes.com.br\/index.php\/wp-json\/wp\/v2\/types\/post"}],"author":[{"embeddable":true,"href":"https:\/\/blogdoedvaldomagalhaes.com.br\/index.php\/wp-json\/wp\/v2\/users\/1"}],"replies":[{"embeddable":true,"href":"https:\/\/blogdoedvaldomagalhaes.com.br\/index.php\/wp-json\/wp\/v2\/comments?post=126295"}],"version-history":[{"count":1,"href":"https:\/\/blogdoedvaldomagalhaes.com.br\/index.php\/wp-json\/wp\/v2\/posts\/126295\/revisions"}],"predecessor-version":[{"id":126297,"href":"https:\/\/blogdoedvaldomagalhaes.com.br\/index.php\/wp-json\/wp\/v2\/posts\/126295\/revisions\/126297"}],"wp:featuredmedia":[{"embeddable":true,"href":"https:\/\/blogdoedvaldomagalhaes.com.br\/index.php\/wp-json\/wp\/v2\/media\/126296"}],"wp:attachment":[{"href":"https:\/\/blogdoedvaldomagalhaes.com.br\/index.php\/wp-json\/wp\/v2\/media?parent=126295"}],"wp:term":[{"taxonomy":"category","embeddable":true,"href":"https:\/\/blogdoedvaldomagalhaes.com.br\/index.php\/wp-json\/wp\/v2\/categories?post=126295"},{"taxonomy":"post_tag","embeddable":true,"href":"https:\/\/blogdoedvaldomagalhaes.com.br\/index.php\/wp-json\/wp\/v2\/tags?post=126295"}],"curies":[{"name":"wp","href":"https:\/\/api.w.org\/{rel}","templated":true}]}}