{"id":126292,"date":"2026-01-22T17:19:57","date_gmt":"2026-01-22T20:19:57","guid":{"rendered":"https:\/\/blogdoedvaldomagalhaes.com.br\/?p=126292"},"modified":"2026-01-22T17:19:57","modified_gmt":"2026-01-22T20:19:57","slug":"amc-promove-mais-uma-importante-acao-voltada-para-a-seguranca-no-transito-neste-fim-de-semana","status":"publish","type":"post","link":"https:\/\/blogdoedvaldomagalhaes.com.br\/index.php\/2026\/01\/22\/amc-promove-mais-uma-importante-acao-voltada-para-a-seguranca-no-transito-neste-fim-de-semana\/","title":{"rendered":"AMC promove mais uma importante a\u00e7\u00e3o voltada para a seguran\u00e7a no tr\u00e2nsito neste fim de semana"},"content":{"rendered":"<p>O conhecimento \u00e9 algo que o ser humano adquire ao longo da vida e, quanto mais cedo isto acontece, maior \u00e9 a chance de construir uma sociedade mais consciente. Esta premissa inclui um importante setor do dia a dia para todos: o tr\u00e2nsito. Por isso, ser\u00e1 realizada, neste fim de semana, a primeira edi\u00e7\u00e3o de 2026 do &#8220;P\u00e9 na Rua&#8221;. <\/p>\n<p>O projeto \u00e9 voltado para crian\u00e7as da primeira inf\u00e2ncia (at\u00e9 os seis anos) e tem o objetivo de, por meio do aprendizado sobre o tr\u00e2nsito, resgatar as brincadeiras infantis ao ar livre, utilizando os espa\u00e7os p\u00fablicos de maneira saud\u00e1vel tamb\u00e9m com o intuito de reduzir o tempo que as crian\u00e7as passam diante das telas. <\/p>\n<p>No s\u00e1bado (24), a partir das 15h, o P\u00e9 na Rua estar\u00e1 no Parque Ecol\u00f3gico do S\u00e3o Francisco. J\u00e1 no domingo (25), no mesmo hor\u00e1rio, o projeto ser\u00e1 realizado no Parque Ecol\u00f3gico Severino Montenegro. <\/p>\n<p>O &#8220;P\u00e9 na Rua&#8221; \u00e9 uma iniciativa da Prefeitura de Caruaru, por meio da Autarquia de Mobilidade (AMC), visando incentivar desde cedo a seguran\u00e7a vi\u00e1ria no munic\u00edpio.<br \/>\nSiga o Instagram @portaledvaldomagalhaes<br \/>\nFoto: Jorge Farias\/Secom\/PMC<\/p>\n","protected":false},"excerpt":{"rendered":"<p>O conhecimento \u00e9 algo que o ser humano adquire ao longo da vida e, quanto mais cedo isto acontece, maior&hellip;<\/p>\n","protected":false},"author":1,"featured_media":126293,"comment_status":"closed","ping_status":"open","sticky":false,"template":"","format":"standard","meta":{"footnotes":""},"categories":[14120],"tags":[35697,13146,34634],"class_list":["post-126292","post","type-post","status-publish","format-standard","has-post-thumbnail","hentry","category-noticias","tag-amc-promove-mais-uma-importante-acao-voltada-para-a-seguranca-no-transito-neste-fim-de-semana","tag-blog-edvaldo-magalhaes","tag-portal-edvaldo-magalhaes"],"_links":{"self":[{"href":"https:\/\/blogdoedvaldomagalhaes.com.br\/index.php\/wp-json\/wp\/v2\/posts\/126292","targetHints":{"allow":["GET"]}}],"collection":[{"href":"https:\/\/blogdoedvaldomagalhaes.com.br\/index.php\/wp-json\/wp\/v2\/posts"}],"about":[{"href":"https:\/\/blogdoedvaldomagalhaes.com.br\/index.php\/wp-json\/wp\/v2\/types\/post"}],"author":[{"embeddable":true,"href":"https:\/\/blogdoedvaldomagalhaes.com.br\/index.php\/wp-json\/wp\/v2\/users\/1"}],"replies":[{"embeddable":true,"href":"https:\/\/blogdoedvaldomagalhaes.com.br\/index.php\/wp-json\/wp\/v2\/comments?post=126292"}],"version-history":[{"count":1,"href":"https:\/\/blogdoedvaldomagalhaes.com.br\/index.php\/wp-json\/wp\/v2\/posts\/126292\/revisions"}],"predecessor-version":[{"id":126294,"href":"https:\/\/blogdoedvaldomagalhaes.com.br\/index.php\/wp-json\/wp\/v2\/posts\/126292\/revisions\/126294"}],"wp:featuredmedia":[{"embeddable":true,"href":"https:\/\/blogdoedvaldomagalhaes.com.br\/index.php\/wp-json\/wp\/v2\/media\/126293"}],"wp:attachment":[{"href":"https:\/\/blogdoedvaldomagalhaes.com.br\/index.php\/wp-json\/wp\/v2\/media?parent=126292"}],"wp:term":[{"taxonomy":"category","embeddable":true,"href":"https:\/\/blogdoedvaldomagalhaes.com.br\/index.php\/wp-json\/wp\/v2\/categories?post=126292"},{"taxonomy":"post_tag","embeddable":true,"href":"https:\/\/blogdoedvaldomagalhaes.com.br\/index.php\/wp-json\/wp\/v2\/tags?post=126292"}],"curies":[{"name":"wp","href":"https:\/\/api.w.org\/{rel}","templated":true}]}}