{"id":126289,"date":"2026-01-22T17:13:18","date_gmt":"2026-01-22T20:13:18","guid":{"rendered":"https:\/\/blogdoedvaldomagalhaes.com.br\/?p=126289"},"modified":"2026-01-22T17:13:18","modified_gmt":"2026-01-22T20:13:18","slug":"caruaruprev-promove-atividades-gratuitas-e-acoes-de-saude-para-celebrar-o-dia-do-aposentado-nesta-sexta-23","status":"publish","type":"post","link":"https:\/\/blogdoedvaldomagalhaes.com.br\/index.php\/2026\/01\/22\/caruaruprev-promove-atividades-gratuitas-e-acoes-de-saude-para-celebrar-o-dia-do-aposentado-nesta-sexta-23\/","title":{"rendered":"CaruaruPrev promove atividades gratuitas e a\u00e7\u00f5es de sa\u00fade para celebrar o Dia do Aposentado nesta sexta (23)"},"content":{"rendered":"<p>Em comemora\u00e7\u00e3o ao Dia do Aposentado, o CaruaruPrev promove, nesta sexta-feira (23), uma manh\u00e3 especial para os aposentados, pensionistas e o p\u00fablico em geral, numa iniciativa que faz parte do projeto &#8220;Esta\u00e7\u00e3o F\u00e9rias\u201d. Ser\u00e3o disponibilizadas atividades como dan\u00e7a e gin\u00e1stica voltadas ao p\u00fablico idoso, al\u00e9m de atividades l\u00fadicas, aferi\u00e7\u00e3o da press\u00e3o arterial, teste de glicemia, vacina\u00e7\u00e3o, orienta\u00e7\u00f5es farmac\u00eauticas, ventosa e auriculoterapia.<\/p>\n<p>As atividades s\u00e3o gratuitas e acontecem na Escola Professor Machadinho, localizada na rua Oleg\u00e1rio Bezerra, no bairro S\u00e3o Francisco, no hor\u00e1rio das 8h \u00e0s 11h. A iniciativa \u00e9 uma parceria do CaruaruPrev com as Secretarias de Educa\u00e7\u00e3o e Esportes e de Sa\u00fade. <\/p>\n<p>\u201cSer\u00e1 uma manh\u00e3 inteira com diversas atividades preparadas com carinho, para promover bem-estar, movimento e conviv\u00eancia para nossos aposentados e tamb\u00e9m para toda popula\u00e7\u00e3o caruaruense, para celebrarmos juntos esse Dia do Aposentado\u201d, ressaltou a presidente do CaruaruPrev, Fernanda Melo.<br \/>\nSiga o Instagram @portaledvaldomagalhaes<br \/>\nFoto: Divulga\u00e7\u00e3o\/Secom<\/p>\n","protected":false},"excerpt":{"rendered":"<p>Em comemora\u00e7\u00e3o ao Dia do Aposentado, o CaruaruPrev promove, nesta sexta-feira (23), uma manh\u00e3 especial para os aposentados, pensionistas e&hellip;<\/p>\n","protected":false},"author":1,"featured_media":126290,"comment_status":"closed","ping_status":"open","sticky":false,"template":"","format":"standard","meta":{"footnotes":""},"categories":[14120],"tags":[27410,13146,35696,34634],"class_list":["post-126289","post","type-post","status-publish","format-standard","has-post-thumbnail","hentry","category-noticias","tag-blog-de-caruaru","tag-blog-edvaldo-magalhaes","tag-caruaruprev-promove-atividades-gratuitas-e-acoes-de-saude-para-celebrar-o-dia-do-aposentado-nesta-sexta-23","tag-portal-edvaldo-magalhaes"],"_links":{"self":[{"href":"https:\/\/blogdoedvaldomagalhaes.com.br\/index.php\/wp-json\/wp\/v2\/posts\/126289","targetHints":{"allow":["GET"]}}],"collection":[{"href":"https:\/\/blogdoedvaldomagalhaes.com.br\/index.php\/wp-json\/wp\/v2\/posts"}],"about":[{"href":"https:\/\/blogdoedvaldomagalhaes.com.br\/index.php\/wp-json\/wp\/v2\/types\/post"}],"author":[{"embeddable":true,"href":"https:\/\/blogdoedvaldomagalhaes.com.br\/index.php\/wp-json\/wp\/v2\/users\/1"}],"replies":[{"embeddable":true,"href":"https:\/\/blogdoedvaldomagalhaes.com.br\/index.php\/wp-json\/wp\/v2\/comments?post=126289"}],"version-history":[{"count":1,"href":"https:\/\/blogdoedvaldomagalhaes.com.br\/index.php\/wp-json\/wp\/v2\/posts\/126289\/revisions"}],"predecessor-version":[{"id":126291,"href":"https:\/\/blogdoedvaldomagalhaes.com.br\/index.php\/wp-json\/wp\/v2\/posts\/126289\/revisions\/126291"}],"wp:featuredmedia":[{"embeddable":true,"href":"https:\/\/blogdoedvaldomagalhaes.com.br\/index.php\/wp-json\/wp\/v2\/media\/126290"}],"wp:attachment":[{"href":"https:\/\/blogdoedvaldomagalhaes.com.br\/index.php\/wp-json\/wp\/v2\/media?parent=126289"}],"wp:term":[{"taxonomy":"category","embeddable":true,"href":"https:\/\/blogdoedvaldomagalhaes.com.br\/index.php\/wp-json\/wp\/v2\/categories?post=126289"},{"taxonomy":"post_tag","embeddable":true,"href":"https:\/\/blogdoedvaldomagalhaes.com.br\/index.php\/wp-json\/wp\/v2\/tags?post=126289"}],"curies":[{"name":"wp","href":"https:\/\/api.w.org\/{rel}","templated":true}]}}