{"id":126286,"date":"2026-01-22T16:23:54","date_gmt":"2026-01-22T19:23:54","guid":{"rendered":"https:\/\/blogdoedvaldomagalhaes.com.br\/?p=126286"},"modified":"2026-01-22T16:23:54","modified_gmt":"2026-01-22T19:23:54","slug":"alceu-valenca-e-baianasystem-se-unem-a-convite-da-neoenergia-para-alertar-sobre-seguranca-com-rede-eletrica-no-carnaval","status":"publish","type":"post","link":"https:\/\/blogdoedvaldomagalhaes.com.br\/index.php\/2026\/01\/22\/alceu-valenca-e-baianasystem-se-unem-a-convite-da-neoenergia-para-alertar-sobre-seguranca-com-rede-eletrica-no-carnaval\/","title":{"rendered":"Alceu Valen\u00e7a e BaianaSystem se unem a convite da Neoenergia para alertar sobre seguran\u00e7a com rede el\u00e9trica no Carnaval"},"content":{"rendered":"<p>_\u00cddolos de diferentes gera\u00e7\u00f5es, os artistas compuseram uma m\u00fasica in\u00e9dita para alertar sobre riscos de intervir ou se aproximar indevidamente da rede de distribui\u00e7\u00e3o_<\/p>\n<p>O cantor Alceu Valen\u00e7a e a banda BaianaSystem aceitaram um desafio in\u00e9dito em suas consagradas carreiras art\u00edsticas. Os \u00eddolos de diferentes gera\u00e7\u00f5es se uniram para compor uma m\u00fasica com a finalidade de alertar a popula\u00e7\u00e3o para os riscos de intervir ou se aproximar indevidamente da rede el\u00e9trica. A parceria foi proposta pela Neoenergia e a composi\u00e7\u00e3o para o Carnaval 2026 ser\u00e1 apresentada nesta quarta-feira (21), na Casa Esta\u00e7\u00e3o da Luz, no S\u00edtio Hist\u00f3rico de Olinda. Na ocasi\u00e3o, a distribuidora de energia tamb\u00e9m apresenta as a\u00e7\u00f5es de manuten\u00e7\u00e3o preventiva realizadas nos principais focos de folia em todo o Estado de Pernambuco.       <\/p>\n<p>A campanha de seguran\u00e7a integra a estrat\u00e9gia de preven\u00e7\u00e3o da Neoenergia para o per\u00edodo carnavalesco, quando h\u00e1 maior concentra\u00e7\u00e3o de pessoas nas ruas, uso de estruturas tempor\u00e1rias e aumento no risco de acidentes. Dados da Associa\u00e7\u00e3o Brasileira dos Distribuidores de Energia El\u00e9trica (Abradee) mostram que, entre janeiro e agosto de 2025, foram registrados 478 acidentes com a rede el\u00e9trica em todo o Brasil, com 176 mortes. Em Pernambuco, no mesmo per\u00edodo, foram cerca de 30 ocorr\u00eancias, com nove mortes. Em todo o ano de 2024, o pa\u00eds contabilizou 627 acidentes, dos quais 258 resultaram em mortes. A maioria dos casos ocorreu por contatos acidentais que poderiam ser evitados com informa\u00e7\u00e3o e cuidados b\u00e1sicos.  <\/p>\n<p>Para ampliar o alcance da mensagem em meio \u00e0 festa, a Neoenergia aposta novamente na for\u00e7a da m\u00fasica popular. A composi\u00e7\u00e3o une o frevo rasgado de Alceu Valen\u00e7a \u00e0 sonoridade do BaianaSystem, conectando tradi\u00e7\u00f5es culturais e diferentes gera\u00e7\u00f5es. \u201cO carnaval celebra toda a alegria e criatividade do povo brasileiro. Em Pernambuco, o frevo \u00e9 o maior s\u00edmbolo dessa energia. O pernambucano possui uma identidade muito forte e \u00e9 sempre ligado a ela. Para mim, \u00e9 uma honra representar essa cultura e ajud\u00e1-la a se expandir pelo mundo\u201d, afirmou Alceu Valen\u00e7a. <\/p>\n<p>A letra da m\u00fasica apresenta de forma did\u00e1tica os principais cuidados que a popula\u00e7\u00e3o deve adotar para evitar acidentes com a rede de distribui\u00e7\u00e3o de energia. Embora a faixa seja lan\u00e7ada para o Carnaval, as orienta\u00e7\u00f5es s\u00e3o v\u00e1lidas para todas as \u00e9pocas do ano. <\/p>\n<p>\u201cO Carnaval \u00e9 uma festa que une brasileiros em todas as regi\u00f5es do pa\u00eds, e esse sentimento \u00e9 especialmente forte em Pernambuco, onde tantas tradi\u00e7\u00f5es se encontram nos dias de folia. Com essa iniciativa, queremos ressaltar a preocupa\u00e7\u00e3o da Neoenergia com o bem-estar da popula\u00e7\u00e3o, como uma aliada para que todos possam se divertir em seguran\u00e7a. Por isso, \u00e9 essencial esse trabalho de conscientiza\u00e7\u00e3o, ainda mais com dois nomes t\u00e3o importantes da nossa m\u00fasica\u201d, afirma o diretor-presidente da Neoenergia Pernambuco, Saulo Cabral. <\/p>\n<p>A campanha ser\u00e1 veiculada em r\u00e1dios, plataformas digitais e ve\u00edculos de imprensa nos estados onde a Neoenergia atua, com foco especial em Pernambuco e na Bahia, com a Neoenergia Coelba. A veicula\u00e7\u00e3o nos dois maiores carnavais do Brasil amplia o alcance da iniciativa e refor\u00e7a a uni\u00e3o de dois polos hist\u00f3ricos em torno de uma mensagem de preven\u00e7\u00e3o. <\/p>\n<p>*Casos registrados no Brasil* <\/p>\n<p>Os acidentes envolvendo a rede el\u00e9trica no pr\u00e9-Carnaval ou durante a festa j\u00e1 deixaram registros em diversas edi\u00e7\u00f5es. Em 2025, na v\u00e9spera do Carnaval em Salvador, serpentinas met\u00e1licas causaram queda no fornecimento de energia nas imedia\u00e7\u00f5es do circuito Barra-Ondina. <\/p>\n<p>No ano anterior, um homem de 65 anos morreu eletrocutado no pr\u00e9-Carnaval de Goi\u00e2nia (GO) ao levantar um cabo de energia el\u00e9trica para permitir a passagem de um trio el\u00e9trico.  <\/p>\n<p>Em outro caso emblem\u00e1tico, ocorrido em 2011, uma serpentina metalizada atingiu a rede el\u00e9trica em Bandeira do Sul (MG), deixando 16 pessoas feridas e outras 55 mortas. <\/p>\n<p>*Proibi\u00e7\u00e3o de comercializa\u00e7\u00e3o em Pernambuco* <\/p>\n<p>Desde dezembro de 2024, a Lei Estadual n\u00ba 18.753\/2024 pro\u00edbe a comercializa\u00e7\u00e3o e distribui\u00e7\u00e3o de serpentinas met\u00e1licas em todo o Estado de Pernambuco. A medida preventiva tem a finalidade de evitar acidentes com a rede el\u00e9trica, como curtos-circuitos e inc\u00eandios, que j\u00e1 causaram mortes e feridos em ocorr\u00eancias registradas anteriormente no territ\u00f3rio nacional. A legisla\u00e7\u00e3o vigente prev\u00ea que, quem descumprir a determina\u00e7\u00e3o, poder\u00e1 ser multado em at\u00e9 R$ 10 mil. Foto: Divulga\u00e7\u00e3o<br \/>\nSiga o Instagram @portaledvaldomagalhaes<\/p>\n","protected":false},"excerpt":{"rendered":"<p>_\u00cddolos de diferentes gera\u00e7\u00f5es, os artistas compuseram uma m\u00fasica in\u00e9dita para alertar sobre riscos de intervir ou se aproximar indevidamente&hellip;<\/p>\n","protected":false},"author":1,"featured_media":126287,"comment_status":"closed","ping_status":"open","sticky":false,"template":"","format":"standard","meta":{"footnotes":""},"categories":[14120],"tags":[35695,13146,34634],"class_list":["post-126286","post","type-post","status-publish","format-standard","has-post-thumbnail","hentry","category-noticias","tag-alceu-valenca-e-baianasystem-se-unem-a-convite-da-neoenergia-para-alertar-sobre-seguranca-com-rede-eletrica-no-carnaval","tag-blog-edvaldo-magalhaes","tag-portal-edvaldo-magalhaes"],"_links":{"self":[{"href":"https:\/\/blogdoedvaldomagalhaes.com.br\/index.php\/wp-json\/wp\/v2\/posts\/126286","targetHints":{"allow":["GET"]}}],"collection":[{"href":"https:\/\/blogdoedvaldomagalhaes.com.br\/index.php\/wp-json\/wp\/v2\/posts"}],"about":[{"href":"https:\/\/blogdoedvaldomagalhaes.com.br\/index.php\/wp-json\/wp\/v2\/types\/post"}],"author":[{"embeddable":true,"href":"https:\/\/blogdoedvaldomagalhaes.com.br\/index.php\/wp-json\/wp\/v2\/users\/1"}],"replies":[{"embeddable":true,"href":"https:\/\/blogdoedvaldomagalhaes.com.br\/index.php\/wp-json\/wp\/v2\/comments?post=126286"}],"version-history":[{"count":1,"href":"https:\/\/blogdoedvaldomagalhaes.com.br\/index.php\/wp-json\/wp\/v2\/posts\/126286\/revisions"}],"predecessor-version":[{"id":126288,"href":"https:\/\/blogdoedvaldomagalhaes.com.br\/index.php\/wp-json\/wp\/v2\/posts\/126286\/revisions\/126288"}],"wp:featuredmedia":[{"embeddable":true,"href":"https:\/\/blogdoedvaldomagalhaes.com.br\/index.php\/wp-json\/wp\/v2\/media\/126287"}],"wp:attachment":[{"href":"https:\/\/blogdoedvaldomagalhaes.com.br\/index.php\/wp-json\/wp\/v2\/media?parent=126286"}],"wp:term":[{"taxonomy":"category","embeddable":true,"href":"https:\/\/blogdoedvaldomagalhaes.com.br\/index.php\/wp-json\/wp\/v2\/categories?post=126286"},{"taxonomy":"post_tag","embeddable":true,"href":"https:\/\/blogdoedvaldomagalhaes.com.br\/index.php\/wp-json\/wp\/v2\/tags?post=126286"}],"curies":[{"name":"wp","href":"https:\/\/api.w.org\/{rel}","templated":true}]}}