{"id":126281,"date":"2026-01-22T10:38:18","date_gmt":"2026-01-22T13:38:18","guid":{"rendered":"https:\/\/blogdoedvaldomagalhaes.com.br\/?p=126281"},"modified":"2026-01-22T10:38:18","modified_gmt":"2026-01-22T13:38:18","slug":"inss-antecipa-1-124-pericias-medicas-em-mutiroes-realizados-neste-fim-de-semana-em-pernambuco","status":"publish","type":"post","link":"https:\/\/blogdoedvaldomagalhaes.com.br\/index.php\/2026\/01\/22\/inss-antecipa-1-124-pericias-medicas-em-mutiroes-realizados-neste-fim-de-semana-em-pernambuco\/","title":{"rendered":"INSS antecipa 1.124 per\u00edcias m\u00e9dicas em mutir\u00f5es realizados neste fim de semana em Pernambuco"},"content":{"rendered":"<p>O Instituto Nacional do Seguro Social (INSS) promove, neste fim de semana, dias 24 e 25 de janeiro, mutir\u00f5es que ir\u00e3o antecipar 1.124 per\u00edcias m\u00e9dicas (realizadas por peritos do Minist\u00e9rio da Previd\u00eancia Social &#8211; MPS) em cidades de Pernambuco. A mobiliza\u00e7\u00e3o atende segurados com agendamento previsto para o per\u00edodo de 28 a 30 de janeiro, quando as Ag\u00eancias da Previd\u00eancia Social (APS) estar\u00e3o fechadas em raz\u00e3o da manuten\u00e7\u00e3o dos sistemas previdenci\u00e1rios.<\/p>\n<p>As a\u00e7\u00f5es ocorrem em Recife, Caruaru, Petrolina e Serra Talhada e s\u00e3o direcionadas exclusivamente aos segurados que j\u00e1 possu\u00edam agendamento para os dias de paralisa\u00e7\u00e3o. N\u00e3o haver\u00e1 abertura de novas vagas para o p\u00fablico externo.<\/p>\n<p>Recife<br \/>\nNa capital pernambucana, est\u00e3o previstos 584 atendimentos, sendo 328 no s\u00e1bado (24) e 256 no domingo (25). O atendimento come\u00e7a a partir das 7h e segue at\u00e9 a conclus\u00e3o da demanda em cada dia.<\/p>\n<p>Durante o mutir\u00e3o, ser\u00e3o realizadas apenas per\u00edcias m\u00e9dicas, sem avalia\u00e7\u00f5es sociais. No s\u00e1bado, atuar\u00e3o 12 peritos do MPS, e no domingo, 11 peritos do MPS.<\/p>\n<p>Como n\u00e3o houve abertura de vagas no sistema, os segurados foram convocados previamente por telefone ou mensagem, com confirma\u00e7\u00e3o direta junto aos gerentes das unidades. No dia do atendimento, o segurado deve comparecer com documentos pessoais e laudos m\u00e9dicos, informar o nome e, constando na lista de antecipa\u00e7\u00e3o, seguir\u00e1 para triagem e per\u00edcia.<\/p>\n<p>Caruaru<br \/>\nEm Caruaru, o mutir\u00e3o foi organizado para absorver a demanda gerada pela paralisa\u00e7\u00e3o e prev\u00ea a realiza\u00e7\u00e3o de 300 per\u00edcias m\u00e9dicas (do MPS), sendo 150 no s\u00e1bado e 150 no domingo.<\/p>\n<p>Os segurados convocados tinham agendamento previsto para o per\u00edodo de 28 a 30 de janeiro e foram chamados exclusivamente por mensagem. N\u00e3o haver\u00e1 abertura de agenda para outros p\u00fablicos. Aqueles que n\u00e3o comparecerem ao mutir\u00e3o ter\u00e3o o atendimento remarcado para a semana seguinte.<\/p>\n<p>Petrolina e Serra Talhada<br \/>\nNo Sert\u00e3o, o mutir\u00e3o acontece no s\u00e1bado (24) nas APS de Petrolina e Serra Talhada. Em cada unidade, est\u00e3o previstos 120 atendimentos, totalizando 240 per\u00edcias m\u00e9dicas (do MPS).<\/p>\n<p>Assim como nas demais cidades, apenas segurados com agendamento original entre 28 e 30 de janeiro est\u00e3o sendo convocados para antecipa\u00e7\u00e3o.<\/p>\n<p>Atendimento direcionado<br \/>\nO INSS refor\u00e7a que os mutir\u00f5es t\u00eam car\u00e1ter excepcional e direcionado, com foco na redu\u00e7\u00e3o de impactos aos segurados j\u00e1 agendados, garantindo a continuidade dos atendimentos mesmo diante da necessidade de moderniza\u00e7\u00e3o dos sistemas previdenci\u00e1rios.<\/p>\n<p>N\u00e3o caia em golpes!<br \/>\nToda a comunica\u00e7\u00e3o do INSS \u00e9 feita pelos canais oficiais: aplicativo Meu INSS, pelo site gov.br\/inss, pela Central 135 e pelas ag\u00eancias dos Correios.<br \/>\nSiga o Instagram @portaledvaldomagalhaes<br \/>\nFoto: Divulga\u00e7\u00e3o <\/p>\n","protected":false},"excerpt":{"rendered":"<p>O Instituto Nacional do Seguro Social (INSS) promove, neste fim de semana, dias 24 e 25 de janeiro, mutir\u00f5es que&hellip;<\/p>\n","protected":false},"author":1,"featured_media":21394,"comment_status":"closed","ping_status":"open","sticky":false,"template":"","format":"standard","meta":{"footnotes":""},"categories":[14120],"tags":[13146,35693,34634],"class_list":["post-126281","post","type-post","status-publish","format-standard","has-post-thumbnail","hentry","category-noticias","tag-blog-edvaldo-magalhaes","tag-inss-antecipa-1-124-pericias-medicas-em-mutiroes-realizados-neste-fim-de-semana-em-pernambuco","tag-portal-edvaldo-magalhaes"],"_links":{"self":[{"href":"https:\/\/blogdoedvaldomagalhaes.com.br\/index.php\/wp-json\/wp\/v2\/posts\/126281","targetHints":{"allow":["GET"]}}],"collection":[{"href":"https:\/\/blogdoedvaldomagalhaes.com.br\/index.php\/wp-json\/wp\/v2\/posts"}],"about":[{"href":"https:\/\/blogdoedvaldomagalhaes.com.br\/index.php\/wp-json\/wp\/v2\/types\/post"}],"author":[{"embeddable":true,"href":"https:\/\/blogdoedvaldomagalhaes.com.br\/index.php\/wp-json\/wp\/v2\/users\/1"}],"replies":[{"embeddable":true,"href":"https:\/\/blogdoedvaldomagalhaes.com.br\/index.php\/wp-json\/wp\/v2\/comments?post=126281"}],"version-history":[{"count":1,"href":"https:\/\/blogdoedvaldomagalhaes.com.br\/index.php\/wp-json\/wp\/v2\/posts\/126281\/revisions"}],"predecessor-version":[{"id":126282,"href":"https:\/\/blogdoedvaldomagalhaes.com.br\/index.php\/wp-json\/wp\/v2\/posts\/126281\/revisions\/126282"}],"wp:featuredmedia":[{"embeddable":true,"href":"https:\/\/blogdoedvaldomagalhaes.com.br\/index.php\/wp-json\/wp\/v2\/media\/21394"}],"wp:attachment":[{"href":"https:\/\/blogdoedvaldomagalhaes.com.br\/index.php\/wp-json\/wp\/v2\/media?parent=126281"}],"wp:term":[{"taxonomy":"category","embeddable":true,"href":"https:\/\/blogdoedvaldomagalhaes.com.br\/index.php\/wp-json\/wp\/v2\/categories?post=126281"},{"taxonomy":"post_tag","embeddable":true,"href":"https:\/\/blogdoedvaldomagalhaes.com.br\/index.php\/wp-json\/wp\/v2\/tags?post=126281"}],"curies":[{"name":"wp","href":"https:\/\/api.w.org\/{rel}","templated":true}]}}